{"id":1053,"date":"2014-08-10T12:18:06","date_gmt":"2014-08-10T15:18:06","guid":{"rendered":"http:\/\/efagundes.com\/inovacao\/?p=1053"},"modified":"2016-09-03T07:39:38","modified_gmt":"2016-09-03T10:39:38","slug":"o-que-e-necessario-para-ter-uma-boa-posicao-no-mercado-de-trabalho","status":"publish","type":"post","link":"https:\/\/efagundes.com\/artigos\/o-que-e-necessario-para-ter-uma-boa-posicao-no-mercado-de-trabalho\/","title":{"rendered":"O que \u00e9 necess\u00e1rio para ter uma boa posi\u00e7\u00e3o no mercado de trabalho?"},"content":{"rendered":"<p>Como professor, frequentemente, sou consultado por jovens e pais sobre qual a melhor carreira profissional a seguir. Na verdade, a pergunta principal \u00e9 qual a profiss\u00e3o que melhor remunera e melhora a qualidade de vida. Tento explicar que a profiss\u00e3o n\u00e3o garante a remunera\u00e7\u00e3o e (com grifo) qualidade de vida.<\/p>\n<p>Acredito que qualquer pessoa possa exercer qualquer atividade profissional sendo bem treinada e praticando atividades relacionadas. Umas com mais esfor\u00e7o que outras, mas depois de um per\u00edodo voc\u00ea ter\u00e1 as habilidades necess\u00e1rias para executar bem sua profiss\u00e3o.<\/p>\n<p>Se voc\u00ea tem um know-how (saber fazer) que as empresas do mercado necessitam voc\u00ea conseguir\u00e1 uma posi\u00e7\u00e3o no mercado. Note que apenas o conhecimento n\u00e3o \u00e9 suficiente. N\u00e3o basta voc\u00ea fazer mais de uma faculdade e cursos de p\u00f3s-gradua\u00e7\u00e3o se voc\u00ea n\u00e3o aplicar o conhecimento em atividades pr\u00e1ticas. Ou seja, ter s\u00f3 conhecimento n\u00e3o garante uma boa posi\u00e7\u00e3o no mercado.<\/p>\n<p>Entretanto, s\u00f3 o know-how n\u00e3o garante uma boa remunera\u00e7\u00e3o. Se voc\u00ea n\u00e3o demonstrar paix\u00e3o naquilo que faz e interesse em melhorar continuamente em pouco tempo voc\u00ea ser\u00e1 superado por algu\u00e9m e perder\u00e1 sua posi\u00e7\u00e3o no mercado, al\u00e9m de ter um trabalho chato.<\/p>\n<p>A paix\u00e3o naquilo que se faz gera uma vontade, quase incontrol\u00e1vel, de melhorar a cada dia. Algo como um artista que sempre acha que sua obra poderia ter sido melhor.<\/p>\n<p>Se voc\u00ea faz o que gosta est\u00e1 no caminho certo para ter qualidade de vida, por\u00e9m s\u00f3 o trabalho prazeroso n\u00e3o \u00e9 suficiente. Voc\u00ea precisa ter outras atividades em equil\u00edbrio com a fam\u00edlia, amigos, espiritualidade e na vida financeira.<\/p>\n<p>Para se ter sucesso na vida financeira voc\u00ea precisa ter um bom relacionamento com o mercado de trabalho. As pessoas t\u00eam que ver em voc\u00ea, al\u00e9m da paix\u00e3o e know-how, o interesse em fazer as empresas obterem lucro e crescimento.<\/p>\n<p>Resumindo: ter apenas conhecimento \u00e9 ser um especialista sem uma boa posi\u00e7\u00e3o no mercado; ter paix\u00e3o naquilo que faz \u00e9 ter um hobby; ter know-how para executar apenas o que se pede voc\u00ea ser\u00e1 um oper\u00e1rio.<\/p>\n<p>Ent\u00e3o, para se ter uma boa remunera\u00e7\u00e3o e qualidade de vida voc\u00ea precisa ter paix\u00e3o naquilo que faz, desenvolver continuamente suas habilidades, ter uma vida equilibrada e demonstrar forte interesse em fazer as organiza\u00e7\u00f5es crescerem.<\/p>\n","protected":false},"excerpt":{"rendered":"<p>Como professor, frequentemente, sou consultado por jovens e pais sobre qual a melhor carreira profissional a seguir. Na verdade, a pergunta principal \u00e9 qual a profiss\u00e3o que melhor remunera e melhora a qualidade de vida. Tento explicar que a profiss\u00e3o n\u00e3o garante a remunera\u00e7\u00e3o e (com grifo) qualidade de vida. Acredito que qualquer pessoa possa [&hellip;]<\/p>\n","protected":false},"author":1,"featured_media":0,"comment_status":"open","ping_status":"open","sticky":false,"template":"","format":"standard","meta":{"jetpack_post_was_ever_published":false,"_jetpack_newsletter_access":"","_jetpack_dont_email_post_to_subs":false,"_jetpack_newsletter_tier_id":0,"_jetpack_memberships_contains_paywalled_content":false,"_jetpack_memberships_contains_paid_content":false,"footnotes":""},"categories":[352,3,9],"tags":[109,196],"class_list":["post-1053","post","type-post","status-publish","format-standard","hentry","category-artigos","category-blog","category-inovacao","tag-empregabilidade","tag-mercado-de-trabalho"],"jetpack_featured_media_url":"","jetpack_shortlink":"https:\/\/wp.me\/p8yInB-gZ","jetpack-related-posts":[{"id":2302,"url":"https:\/\/efagundes.com\/artigos\/o-sucesso-profissional-exige-muito-mais-que-um-certificado\/","url_meta":{"origin":1053,"position":0},"title":"O sucesso profissional exige muito mais que um certificado","author":"Eduardo Fagundes","date":"20 de novembro de 2016","format":false,"excerpt":"Estudar para ser aprovado em uma prova de certifica\u00e7\u00e3o n\u00e3o garante o sucesso profissional, embora seja uma condi\u00e7\u00e3o importante no mercado de trabalho. O que determina o sucesso profissional \u00e9 a capacidade de execu\u00e7\u00e3o. Infelizmente, n\u00e3o existe uma certifica\u00e7\u00e3o de \u201cexecu\u00e7\u00e3o\u201d. Para evidenciar esse vi\u00e9s profissional \u00e9 necess\u00e1rio participar de\u2026","rel":"","context":"Em &quot;Artigos&quot;","block_context":{"text":"Artigos","link":"https:\/\/efagundes.com\/artigos\/category\/artigos\/"},"img":{"alt_text":"","src":"","width":0,"height":0},"classes":[]},{"id":777,"url":"https:\/\/efagundes.com\/artigos\/o-lado-humano-da-inovacao\/","url_meta":{"origin":1053,"position":1},"title":"O lado humano da inova\u00e7\u00e3o","author":"Eduardo Fagundes","date":"27 de junho de 2013","format":false,"excerpt":"Tenho aplicado muitos workshops sobre inova\u00e7\u00e3o nas empresas com o objetivo de criar novos produtos e modelos de neg\u00f3cios. Um fato interessante \u00e9 que para a maioria das pessoas a inova\u00e7\u00e3o est\u00e1 associada \u00e0s atividades empresariais e n\u00e3o para as atividades pessoais. Isso \u00e9 um equivoco e reduz a capacidade\u2026","rel":"","context":"Em &quot;Artigos&quot;","block_context":{"text":"Artigos","link":"https:\/\/efagundes.com\/artigos\/category\/artigos\/"},"img":{"alt_text":"","src":"","width":0,"height":0},"classes":[]},{"id":1015,"url":"https:\/\/efagundes.com\/artigos\/a-zona-de-conforto-atrapalha-o-empreendedorismo\/","url_meta":{"origin":1053,"position":2},"title":"A zona de conforto atrapalha o empreendedorismo","author":"Eduardo Fagundes","date":"23 de abril de 2014","format":false,"excerpt":"Muitas pessoas criativas e bem sucedidas no emprego sonham em empreender. Conhecem o neg\u00f3cio que atuam e possuem uma boa rede de relacionamento que poderia alavancar um neg\u00f3cio. Alguns elaboram planos de neg\u00f3cios e avaliam oportunidades. Muitos neg\u00f3cios se mostram atrativos. Ent\u00e3o por que n\u00e3o empreender? A resposta est\u00e1 na\u2026","rel":"","context":"Em &quot;Artigos&quot;","block_context":{"text":"Artigos","link":"https:\/\/efagundes.com\/artigos\/category\/artigos\/"},"img":{"alt_text":"","src":"","width":0,"height":0},"classes":[]},{"id":1045,"url":"https:\/\/efagundes.com\/artigos\/o-fim-do-emprego\/","url_meta":{"origin":1053,"position":3},"title":"O fim do emprego","author":"Eduardo Fagundes","date":"20 de julho de 2014","format":false,"excerpt":"J\u00e1 demiti dezenas de pessoas competentes nos seus empregos. Pessoas que davam o seu m\u00e1ximo para realizar suas atividades com efici\u00eancia e qualidade. Por\u00e9m, infelizmente, suas tarefas foram extintas por alguma tecnologia ou obsolesc\u00eancia no mundo dos neg\u00f3cios. Desde de cedo entendi que n\u00e3o basta ter um emprego, voc\u00ea tem\u2026","rel":"","context":"Em &quot;Artigos&quot;","block_context":{"text":"Artigos","link":"https:\/\/efagundes.com\/artigos\/category\/artigos\/"},"img":{"alt_text":"","src":"","width":0,"height":0},"classes":[]},{"id":2112,"url":"https:\/\/efagundes.com\/artigos\/digital-experience-e-resultado-da-transformacao-cultural-das-organizacoes\/","url_meta":{"origin":1053,"position":4},"title":"Digital Experience \u00e9 resultado da transforma\u00e7\u00e3o cultural das organiza\u00e7\u00f5es","author":"Eduardo Fagundes","date":"30 de janeiro de 2016","format":false,"excerpt":"A buzzword do momento \u00e9 DX, Digital Experience, obviamente seguindo a calda longa do UX, User Experience. Segundo pesquisa do IDC, divulgado em janeiro de 2016, mais da metade das empresas no Brasil embarcar\u00e3o em DX em 2016, estreitando a rela\u00e7\u00e3o entre TI e as unidades de neg\u00f3cios. Um resultado\u2026","rel":"","context":"Em &quot;Artigos&quot;","block_context":{"text":"Artigos","link":"https:\/\/efagundes.com\/artigos\/category\/artigos\/"},"img":{"alt_text":"matriz-de-valor-inovacao-1","src":"https:\/\/i0.wp.com\/efagundes.com\/artigos\/wp-content\/uploads\/sites\/2\/2016\/01\/matriz-de-valor-inovacao-1.jpg?resize=350%2C200","width":350,"height":200,"srcset":"https:\/\/i0.wp.com\/efagundes.com\/artigos\/wp-content\/uploads\/sites\/2\/2016\/01\/matriz-de-valor-inovacao-1.jpg?resize=350%2C200 1x, https:\/\/i0.wp.com\/efagundes.com\/artigos\/wp-content\/uploads\/sites\/2\/2016\/01\/matriz-de-valor-inovacao-1.jpg?resize=525%2C300 1.5x, https:\/\/i0.wp.com\/efagundes.com\/artigos\/wp-content\/uploads\/sites\/2\/2016\/01\/matriz-de-valor-inovacao-1.jpg?resize=700%2C400 2x, https:\/\/i0.wp.com\/efagundes.com\/artigos\/wp-content\/uploads\/sites\/2\/2016\/01\/matriz-de-valor-inovacao-1.jpg?resize=1050%2C600 3x, https:\/\/i0.wp.com\/efagundes.com\/artigos\/wp-content\/uploads\/sites\/2\/2016\/01\/matriz-de-valor-inovacao-1.jpg?resize=1400%2C800 4x"},"classes":[]},{"id":1008,"url":"https:\/\/efagundes.com\/artigos\/cinco-coisas-para-o-sucesso-de-um-negocio-digital\/","url_meta":{"origin":1053,"position":5},"title":"Cinco coisas para o sucesso de um neg\u00f3cio digital","author":"Eduardo Fagundes","date":"4 de abril de 2014","format":false,"excerpt":"O atraente mercado de aplicativos m\u00f3veis tem motivado v\u00e1rias pessoas, principalmente os jovens, a desenvolver novos neg\u00f3cios. Engana-se, entretanto, quem pensa que \u00e9 f\u00e1cil entrar nesse mercado. Quem est\u00e1 de fora pode pensar em uma l\u00f3gica simples: uma boa ideia, um bom programador e uma boa divulga\u00e7\u00e3o nas redes sociais.\u2026","rel":"","context":"Em &quot;Artigos&quot;","block_context":{"text":"Artigos","link":"https:\/\/efagundes.com\/artigos\/category\/artigos\/"},"img":{"alt_text":"","src":"","width":0,"height":0},"classes":[]}],"jetpack_sharing_enabled":true,"_links":{"self":[{"href":"https:\/\/efagundes.com\/artigos\/wp-json\/wp\/v2\/posts\/1053","targetHints":{"allow":["GET"]}}],"collection":[{"href":"https:\/\/efagundes.com\/artigos\/wp-json\/wp\/v2\/posts"}],"about":[{"href":"https:\/\/efagundes.com\/artigos\/wp-json\/wp\/v2\/types\/post"}],"author":[{"embeddable":true,"href":"https:\/\/efagundes.com\/artigos\/wp-json\/wp\/v2\/users\/1"}],"replies":[{"embeddable":true,"href":"https:\/\/efagundes.com\/artigos\/wp-json\/wp\/v2\/comments?post=1053"}],"version-history":[{"count":0,"href":"https:\/\/efagundes.com\/artigos\/wp-json\/wp\/v2\/posts\/1053\/revisions"}],"wp:attachment":[{"href":"https:\/\/efagundes.com\/artigos\/wp-json\/wp\/v2\/media?parent=1053"}],"wp:term":[{"taxonomy":"category","embeddable":true,"href":"https:\/\/efagundes.com\/artigos\/wp-json\/wp\/v2\/categories?post=1053"},{"taxonomy":"post_tag","embeddable":true,"href":"https:\/\/efagundes.com\/artigos\/wp-json\/wp\/v2\/tags?post=1053"}],"curies":[{"name":"wp","href":"https:\/\/api.w.org\/{rel}","templated":true}]}}