{"id":1165,"date":"2014-11-23T22:05:03","date_gmt":"2014-11-24T00:05:03","guid":{"rendered":"http:\/\/efagundes.com\/inovacao\/?p=1165"},"modified":"2016-09-03T07:37:47","modified_gmt":"2016-09-03T10:37:47","slug":"os-3-vetores-do-planejamento-empresarial-sociedade-economia-e-politica","status":"publish","type":"post","link":"https:\/\/efagundes.com\/artigos\/os-3-vetores-do-planejamento-empresarial-sociedade-economia-e-politica\/","title":{"rendered":"Os 3 vetores do planejamento empresarial: sociedade, economia e pol\u00edtica"},"content":{"rendered":"<p>O empreendedor deve estar atento aos movimentos da sociedade, da economia e da pol\u00edtica. Esses tr\u00eas vetores s\u00e3o a base para o planejamento empresarial e variam de acordo com a maturidade da sociedade, a robustez da economia e as tend\u00eancias ideol\u00f3gicas do governo. Entendendo essas influ\u00eancias \u00e9 poss\u00edvel desenvolver neg\u00f3cios lucrativos.<\/p>\n<p>N\u00e3o existe ambiente ruim para os empreendedores. Existem oportunidades para novos neg\u00f3cios. O que destaca um empreendedor de sucesso \u00e9 a sua capacidade de identificar e executar neg\u00f3cios em qualquer ambiente social, econ\u00f4mico ou pol\u00edtico.<\/p>\n<p>Os tr\u00eas vetores est\u00e3o em constante mudan\u00e7a. A cada dia temos uma not\u00edcia que pode impactar nosso planejamento. Pode ser um novo comportamento de um grupo de consumidores, a desacelera\u00e7\u00e3o da economia na China ou uma nova lei que pode afetar o nosso neg\u00f3cio. N\u00e3o existe cen\u00e1rio est\u00e1vel. A \u00fanica certeza que temos \u00e9 que haver\u00e1 mudan\u00e7as.<\/p>\n<p>Mas, se tudo muda, como fazer o planejamento? A melhor maneira \u00e9 desenvolver cen\u00e1rios considerando os tr\u00eas vetores. O empreendedor deve ter uma vis\u00e3o hol\u00edstica para poder correlacionar fatos e impactos em cada vetor.<\/p>\n<p>Por exemplo, se o partido que venceu uma elei\u00e7\u00e3o tem um vi\u00e9s socialista e declara apoio a popula\u00e7\u00e3o de baixa renda, isso deve gerar a\u00e7\u00f5es do governo para aumentar a renda das pessoas das classes C e D, gerando oportunidades de neg\u00f3cios para produtos de baixo custo.<\/p>\n<p>Sugiro montar, no m\u00ednimo, tr\u00eas cen\u00e1rios para neg\u00f3cios: um ruim, um moderado e outro otimista. Comece pelo ruim, depois o otimista e finalize com o moderado.<\/p>\n<p>Use seu lado pessimista para elaborar o cen\u00e1rio ruim. Por exemplo, imagine que teremos recess\u00e3o econ\u00f4mica, greves por melhores sal\u00e1rios, aumento de tarifas de servi\u00e7os p\u00fablicos e aumento da infla\u00e7\u00e3o.<\/p>\n<p>Usando seu lado otimista pense no mundo ideal para voc\u00ea fazer neg\u00f3cios. Por exemplo, aumento do crescimento econ\u00f4mico, redu\u00e7\u00e3o da carga tribut\u00e1ria, novos acordos bilaterais econ\u00f4micos para facilitar as exporta\u00e7\u00f5es e aumento de renda da popula\u00e7\u00e3o.<\/p>\n<p>Depois pondere os dois cen\u00e1rios e elabore um que voc\u00ea acredita ser o mais vi\u00e1vel, o moderado.<\/p>\n<p>Para cada um deles imagine como sua empresa operaria com seus atuais produtos e servi\u00e7os. Analise os impactos positivos e negativos. Elabore a\u00e7\u00f5es para mitigar os impactos negativos e potencializar os impactos positivos. No final, voc\u00ea ver\u00e1 que existem a\u00e7\u00f5es que podem ser realizadas nos tr\u00eas cen\u00e1rios. Isso garante que voc\u00ea estar\u00e1 preparado para as mudan\u00e7as.<\/p>\n<p>Lembre-se inova\u00e7\u00e3o, planejamento e execu\u00e7\u00e3o s\u00e3o essenciais para um empreendedor de sucesso.<\/p>\n","protected":false},"excerpt":{"rendered":"<p>O empreendedor deve estar atento aos movimentos da sociedade, da economia e da pol\u00edtica. Esses tr\u00eas vetores s\u00e3o a base para o planejamento empresarial e variam de acordo com a maturidade da sociedade, a robustez da economia e as tend\u00eancias ideol\u00f3gicas do governo. Entendendo essas influ\u00eancias \u00e9 poss\u00edvel desenvolver neg\u00f3cios lucrativos. N\u00e3o existe ambiente ruim [&hellip;]<\/p>\n","protected":false},"author":1,"featured_media":0,"comment_status":"open","ping_status":"open","sticky":false,"template":"","format":"standard","meta":{"jetpack_post_was_ever_published":false,"_jetpack_newsletter_access":"","_jetpack_dont_email_post_to_subs":false,"_jetpack_newsletter_tier_id":0,"_jetpack_memberships_contains_paywalled_content":false,"_jetpack_memberships_contains_paid_content":false,"footnotes":""},"categories":[352,3,9],"tags":[233],"class_list":["post-1165","post","type-post","status-publish","format-standard","hentry","category-artigos","category-blog","category-inovacao","tag-planejamento"],"jetpack_featured_media_url":"","jetpack_shortlink":"https:\/\/wp.me\/p8yInB-iN","jetpack-related-posts":[{"id":1021,"url":"https:\/\/efagundes.com\/artigos\/na-crise-a-inovacao-e-o-bote-salva-vidas-das-empresas\/","url_meta":{"origin":1165,"position":0},"title":"Na crise a inova\u00e7\u00e3o \u00e9 o bote salva-vidas das empresas","author":"Eduardo Fagundes","date":"1 de maio de 2014","format":false,"excerpt":"Os economistas preveem que 2015 ser\u00e1 um ano ainda mais dif\u00edcil para a nossa economia e, consequentemente, para as empresas. V\u00e1rios sinais mostram que essa previs\u00e3o deve se realizar: aumento da infla\u00e7\u00e3o, alta dos juros, crise no setor automobil\u00edstico, controle artificial de pre\u00e7os pelo governo, entre outros. Para os executivos\u2026","rel":"","context":"Em &quot;Artigos&quot;","block_context":{"text":"Artigos","link":"https:\/\/efagundes.com\/artigos\/category\/artigos\/"},"img":{"alt_text":"","src":"","width":0,"height":0},"classes":[]},{"id":1060,"url":"https:\/\/efagundes.com\/artigos\/podemos-crescer-na-crise\/","url_meta":{"origin":1165,"position":1},"title":"Podemos crescer na crise?","author":"Eduardo Fagundes","date":"28 de agosto de 2014","format":false,"excerpt":"As not\u00edcias econ\u00f4micas dos \u00faltimos meses podem gerar depress\u00e3o e otimismo. A depress\u00e3o vem daqueles que n\u00e3o planejaram e possuem poucas linhas de produtos ou, para os profissionais, com uma \u00fanica habilidade. Os otimistas que se planejaram est\u00e3o colhendo os resultados positivos e identificando novas oportunidades de neg\u00f3cios. A resposta\u2026","rel":"","context":"Em &quot;Artigos&quot;","block_context":{"text":"Artigos","link":"https:\/\/efagundes.com\/artigos\/category\/artigos\/"},"img":{"alt_text":"","src":"","width":0,"height":0},"classes":[]},{"id":1175,"url":"https:\/\/efagundes.com\/artigos\/objetivos-dos-empresarios-brasileiros-para-2015\/","url_meta":{"origin":1165,"position":2},"title":"Objetivos dos empres\u00e1rios brasileiros para 2015","author":"Eduardo Fagundes","date":"5 de dezembro de 2014","format":false,"excerpt":"Uma pesquisa da ABRASCA, Associa\u00e7\u00e3o Brasileira das Companhias Abertas, mostra que 73% dos empres\u00e1rios acreditam em um crescimento da economia superior a 1% em 2015. Foram pesquisadas 65 empresas da BM&FBovespa que representam 70% do valor total da bolsa. Nessa pesquisa, 24% afirmaram que aumentar\u00e3o os investimentos em 2015, 50%\u2026","rel":"","context":"Em &quot;Artigos&quot;","block_context":{"text":"Artigos","link":"https:\/\/efagundes.com\/artigos\/category\/artigos\/"},"img":{"alt_text":"","src":"","width":0,"height":0},"classes":[]},{"id":1982,"url":"https:\/\/efagundes.com\/artigos\/as-oportunidades-do-cloud-computing-e-big-data\/","url_meta":{"origin":1165,"position":3},"title":"As oportunidades do Cloud Computing e Big Data","author":"Eduardo Fagundes","date":"24 de abril de 2015","format":false,"excerpt":"Uma pesquisa do Worldwide Quarterly Cloud IT Infraestructure Tracker, da IDC, mostra que o custo total estimado em infraestrutura para Cloud Computing deve crescer 21% por ano, totalizando US$32 bilh\u00f5es em 2015. Segundo a pesquisa a infraestrutura para nuvens privadas de crescer 16% por ano, chegando a US$12 bilh\u00f5es e\u2026","rel":"","context":"Em &quot;Artigos&quot;","block_context":{"text":"Artigos","link":"https:\/\/efagundes.com\/artigos\/category\/artigos\/"},"img":{"alt_text":"","src":"","width":0,"height":0},"classes":[]},{"id":2047,"url":"https:\/\/efagundes.com\/artigos\/a-qual-grupo-de-negocios-voce-pertence\/","url_meta":{"origin":1165,"position":4},"title":"A qual grupo de neg\u00f3cios voc\u00ea pertence?","author":"Eduardo Fagundes","date":"16 de agosto de 2015","format":false,"excerpt":"O mundo \u00e9 plano, mas os neg\u00f3cios reais s\u00e3o locais. A globaliza\u00e7\u00e3o impulsionada pela Internet permite que pessoas e empresas fa\u00e7am neg\u00f3cios em qualquer lugar do mundo com facilidade. A simples ideia do cont\u00eainer no transporte mar\u00edtimo reduziu os custos e facilitou a movimenta\u00e7\u00e3o de cargas. Entretanto, poucas pessoas e\u2026","rel":"","context":"Em &quot;Artigos&quot;","block_context":{"text":"Artigos","link":"https:\/\/efagundes.com\/artigos\/category\/artigos\/"},"img":{"alt_text":"","src":"","width":0,"height":0},"classes":[]},{"id":978,"url":"https:\/\/efagundes.com\/artigos\/quer-inovar-aprenda-as-principais-etapas\/","url_meta":{"origin":1165,"position":5},"title":"Quer inovar? Aprenda as principais etapas","author":"Eduardo Fagundes","date":"18 de janeiro de 2014","format":false,"excerpt":"A inova\u00e7\u00e3o \u00e9 um processo em que a criatividade \u00e9 apenas uma das etapas, sendo que as demais requerem essencialmente processo e disciplina. Um programa de inova\u00e7\u00e3o deve incluir no m\u00ednimo cinco fases: educa\u00e7\u00e3o; criatividade e engajamento do pessoal; planejamento; execu\u00e7\u00e3o e avalia\u00e7\u00e3o dos resultados. Inova\u00e7\u00e3o \u00e9 a palavra da\u2026","rel":"","context":"Em &quot;Artigos&quot;","block_context":{"text":"Artigos","link":"https:\/\/efagundes.com\/artigos\/category\/artigos\/"},"img":{"alt_text":"","src":"","width":0,"height":0},"classes":[]}],"jetpack_sharing_enabled":true,"_links":{"self":[{"href":"https:\/\/efagundes.com\/artigos\/wp-json\/wp\/v2\/posts\/1165","targetHints":{"allow":["GET"]}}],"collection":[{"href":"https:\/\/efagundes.com\/artigos\/wp-json\/wp\/v2\/posts"}],"about":[{"href":"https:\/\/efagundes.com\/artigos\/wp-json\/wp\/v2\/types\/post"}],"author":[{"embeddable":true,"href":"https:\/\/efagundes.com\/artigos\/wp-json\/wp\/v2\/users\/1"}],"replies":[{"embeddable":true,"href":"https:\/\/efagundes.com\/artigos\/wp-json\/wp\/v2\/comments?post=1165"}],"version-history":[{"count":0,"href":"https:\/\/efagundes.com\/artigos\/wp-json\/wp\/v2\/posts\/1165\/revisions"}],"wp:attachment":[{"href":"https:\/\/efagundes.com\/artigos\/wp-json\/wp\/v2\/media?parent=1165"}],"wp:term":[{"taxonomy":"category","embeddable":true,"href":"https:\/\/efagundes.com\/artigos\/wp-json\/wp\/v2\/categories?post=1165"},{"taxonomy":"post_tag","embeddable":true,"href":"https:\/\/efagundes.com\/artigos\/wp-json\/wp\/v2\/tags?post=1165"}],"curies":[{"name":"wp","href":"https:\/\/api.w.org\/{rel}","templated":true}]}}