{"id":1184,"date":"2014-12-08T10:36:16","date_gmt":"2014-12-08T12:36:16","guid":{"rendered":"http:\/\/efagundes.com\/inovacao\/?p=1184"},"modified":"2016-09-03T07:37:34","modified_gmt":"2016-09-03T10:37:34","slug":"autoproducao-e-mercado-livre-de-energia","status":"publish","type":"post","link":"https:\/\/efagundes.com\/artigos\/autoproducao-e-mercado-livre-de-energia\/","title":{"rendered":"Autoprodu\u00e7\u00e3o e Mercado Livre de Energia uma estrat\u00e9gia de continuidade de neg\u00f3cios"},"content":{"rendered":"<p>Imagine investir R$1,4 bilh\u00f5es em uma nova f\u00e1brica e deixar de operar por falta de energia. Ainda, como enfrentar o desafio de reduzir as emiss\u00f5es de gases de efeito estufa diminuindo custos e aumentando a produtividade. A solu\u00e7\u00e3o da Holcim, multinacional do setor de cimentos, foi contratar 55MW m\u00e9dios por R$700 milh\u00f5es at\u00e9 2022 da CEMIG no mercado livre para sua nova planta em Barroso em Minas Gerais. J\u00e1 a Honda decidiu investir R$100 milh\u00f5es em gera\u00e7\u00e3o e\u00f3lica de 95MW\/ano no litoral do Rio Grande Sul para abastecer sua f\u00e1brica em Sumar\u00e9 em S\u00e3o Paulo, deixando de emitir 2.2 milh\u00f5es de toneladas de CO2 (redu\u00e7\u00e3o de 30% das emiss\u00f5es) e reduzindo entre 40-45% dos gastos em energia. A Volkswagen, usando uma Pequena Central Hidrel\u00e9trica (PCH) est\u00e1 suprindo 18% da sua demanda de energia. Esses fatos seguem os vision\u00e1rios fundadores da Votorantim que implantaram usinas de gera\u00e7\u00e3o de energia para consumo pr\u00f3prio desde sua funda\u00e7\u00e3o em 1918. N\u00e3o h\u00e1 d\u00favidas que a autoprodu\u00e7\u00e3o e compra de energia no mercado livre \u00e9 uma excelente alternativa para garantir as opera\u00e7\u00f5es das f\u00e1bricas com redu\u00e7\u00e3o de impactos no meio ambiente. Os projetos garantem energia no curto prazo e retorno do investimento no longo prazo.<\/p>\n<p>As mudan\u00e7as clim\u00e1ticas que o Brasil est\u00e1 experimentando coloca em discuss\u00e3o nossa matriz energ\u00e9tica. Durante anos focamos na explora\u00e7\u00e3o dos nossos recursos h\u00eddricos e usinas operadas por combust\u00edveis f\u00f3sseis (\u00f3leo e g\u00e1s). O uso de energia alternativa era inviabilizado por quest\u00f5es econ\u00f4micas. Entretanto, com a mudan\u00e7a do cen\u00e1rio de gera\u00e7\u00e3o e algumas decis\u00f5es equivocadas da pol\u00edtica energ\u00e9tica as empresas devem assumir uma postura mais proativa para garantir a continuidade de seus neg\u00f3cios.<\/p>\n<p>O mercado livre de energia sofreu um rev\u00e9s no final de 2013 com um malfadado decreto lei que for\u00e7ou a revis\u00e3o dos contratos de fornecimento de energia no pa\u00eds. Esse decreto lei gerou um desequil\u00edbrio nas contas das distribuidoras, pressionou o aumento dos pre\u00e7os de energia e criou uma percep\u00e7\u00e3o de inseguran\u00e7a jur\u00eddica de contratos no pa\u00eds. A estiagem que acometeu as regi\u00f5es Sul e Sudeste for\u00e7ou o uso das termel\u00e9tricas, mais cara que as hidrel\u00e9tricas. Esses fatos, colocaram o pa\u00eds em uma s\u00e9ria crise energ\u00e9tica.<\/p>\n<p>O governo afirma que ser\u00e3o necess\u00e1rios investimentos de 2,6% do PIB para atender a demanda de consumo de energia at\u00e9 2020. Essa expans\u00e3o ser\u00e1 apoiada por usinas hidrel\u00e9tricas, e\u00f3licas e biomassa, que \u00e9 o uso de mat\u00e9ria org\u00e2nica na gera\u00e7\u00e3o de energia.<\/p>\n<p>Como foi anunciado pelo futuro ministro da fazenda, Joaquim Levy, o Brasil far\u00e1 um esfor\u00e7o para criar super\u00e1vit nas contas p\u00fablicas. As previs\u00f5es s\u00e3o de forte controle nos pr\u00f3ximos dois anos, ou seja, at\u00e9 2016. Provavelmente, as a\u00e7\u00f5es ser\u00e3o a elimina\u00e7\u00e3o ou redu\u00e7\u00e3o dos incentivos \u00e0 ind\u00fastria, aumento das taxas de juros e aumento de impostos. Isso for\u00e7ar\u00e1 a\u00e7\u00f5es internas de redu\u00e7\u00e3o de custos das empresas.<\/p>\n<p>A queda do pre\u00e7o internacional do barril do petr\u00f3leo em 30%, comercializado em torno de US$70, tem um lado positivo e outro negativo. Com a autossufici\u00eancia de petr\u00f3leo dos Estados Unidos com a produ\u00e7\u00e3o de energia a partir do g\u00e1s de xisto, o pre\u00e7o cair\u00e1 ainda mais. \u00a0O lado positivo \u00e9 que, em teoria, o pre\u00e7o de gera\u00e7\u00e3o de energia por termel\u00e9trica deve reduzir, viabilizando a constru\u00e7\u00e3o de novas usinas poluidoras movidas a \u00f3leo. O lado negativo, al\u00e9m de ser energia suja, \u00e9 que a Petrobr\u00e1s, empresa com a maior d\u00edvida do planeta, n\u00e3o poder\u00e1 reduzir o pre\u00e7o interno do petr\u00f3leo sob o risco de insolv\u00eancia e de perda da capacidade de investimento no pr\u00e9-sal. Isso sem comentar as potenciais multas e indeniza\u00e7\u00f5es a investidores internacionais, pelo menos, dos esc\u00e2ndalos de corrup\u00e7\u00e3o que est\u00e3o sob investiga\u00e7\u00e3o.<\/p>\n<p>O Brasil deve enfrentar outro desafio importante para a sua economia que \u00e9 a queda de 10-30% dos pre\u00e7os m\u00e9dios das commodities de min\u00e9rio de ferro, soja e farelo de soja que representam quase 30% do total exportado pelo pa\u00eds, devido a superoferta internacional. Somado a isso, \u00e9 prevista a sa\u00edda de investidores de mercado futuro de mat\u00e9rias-primas em busca de outros ativos, como os dos t\u00edtulos p\u00fablicos dos Estado Unidos. Isso deve impactar diretamente nossa balan\u00e7a comercial, reduzindo nossa capacidade de investimento.<\/p>\n<p>Esse cen\u00e1rio econ\u00f4mico e a previs\u00e3o de crescimento oficial de 0,8% da economia brasileira para 2015, pode reduzir a capacidade de atrair investimentos para a constru\u00e7\u00e3o de novas usinas geradoras de energia. Como evid\u00eancia a essa afirma\u00e7\u00e3o, foi o fato que no \u00faltimo leil\u00e3o de energia, realizado no dia 5\/11 de energia existente, foram comercializados apenas lotes de 3 anos e nenhum lote de 5 anos, com o pre\u00e7o m\u00e9dio de R$197,09 por MWh, praticamente sem des\u00e1gio. Esse fato, provavelmente, est\u00e1 associado as incertezas do futuro da economia e pol\u00edtica do pa\u00eds, incluindo a falta de transpar\u00eancia dos n\u00fameros oficiais e inseguran\u00e7a jur\u00eddica dos contratos.<\/p>\n<p>Nesse cen\u00e1rio de incertezas, a melhor forma de garantir o fornecimento de energia para as opera\u00e7\u00f5es atuais e projetos futuros de expans\u00e3o das empresas \u00e9 a autoprodu\u00e7\u00e3o ou compra de energia no mercado livre. As empresas devem considerar um eventual sobrepre\u00e7o no custo da energia como um seguro para garantir a continuidade de seus neg\u00f3cios e como uma a\u00e7\u00e3o para reduzir as emiss\u00f5es de gases de efeito estufa.<\/p>\n<p>Estou coordenando um grupo de usu\u00e1rios (GU) na SUCESU-SP, associa\u00e7\u00e3o de usu\u00e1rios corporativos de TI, para discutir e apoiar a autoprodu\u00e7\u00e3o e compra de energia no mercado para data centers, respons\u00e1veis por um grande consumo de energia nas empresas e emissor de gases do efeito estufa.<\/p>\n<p>Veja mais detalhes em\u00a0http:\/\/efagundes.com\/inovacao\/index.php\/sustentabilidade\/<\/p>\n<p>&nbsp;<\/p>\n","protected":false},"excerpt":{"rendered":"<p>Imagine investir R$1,4 bilh\u00f5es em uma nova f\u00e1brica e deixar de operar por falta de energia. Ainda, como enfrentar o desafio de reduzir as emiss\u00f5es de gases de efeito estufa diminuindo custos e aumentando a produtividade. A solu\u00e7\u00e3o da Holcim, multinacional do setor de cimentos, foi contratar 55MW m\u00e9dios por R$700 milh\u00f5es at\u00e9 2022 da [&hellip;]<\/p>\n","protected":false},"author":1,"featured_media":0,"comment_status":"open","ping_status":"open","sticky":false,"template":"","format":"standard","meta":{"jetpack_post_was_ever_published":false,"_jetpack_newsletter_access":"","_jetpack_dont_email_post_to_subs":false,"_jetpack_newsletter_tier_id":0,"_jetpack_memberships_contains_paywalled_content":false,"_jetpack_memberships_contains_paid_content":false,"footnotes":""},"categories":[352,3,6,9,13],"tags":[36,107,200,285],"class_list":["post-1184","post","type-post","status-publish","format-standard","hentry","category-artigos","category-blog","category-eficiencia-energetica","category-inovacao","category-sustentabilidade","tag-autoproducao-de-energia","tag-eficiencia-energetica","tag-mercado-livre-de-energia","tag-sustentabilidade"],"jetpack_featured_media_url":"","jetpack_shortlink":"https:\/\/wp.me\/p8yInB-j6","jetpack-related-posts":[{"id":361,"url":"https:\/\/efagundes.com\/artigos\/indicadores-de-eficiencia-energetica-e-sustentabilidade-de-data-centers\/","url_meta":{"origin":1184,"position":0},"title":"Indicadores de efici\u00eancia energ\u00e9tica e sustentabilidade de data centers","author":"Eduardo Fagundes","date":"16 de abril de 2014","format":false,"excerpt":"Os data centers assumem uma import\u00e2ncia cada vez maior nas opera\u00e7\u00f5es de neg\u00f3cios. Com o crescimento cada vez maior da demanda por processamento para atender as aplica\u00e7\u00f5es pessoais (redes sociais, aplicativos m\u00f3veis, jogo online, etc.) e de neg\u00f3cios (transa\u00e7\u00f5es comerciais entre empresas, B2B, log\u00edstica, ERP, etc.) os custos com energia\u2026","rel":"","context":"Em &quot;Artigos&quot;","block_context":{"text":"Artigos","link":"https:\/\/efagundes.com\/artigos\/category\/artigos\/"},"img":{"alt_text":"","src":"","width":0,"height":0},"classes":[]},{"id":550,"url":"https:\/\/efagundes.com\/artigos\/negocios-lucrativos-de-ti-para-reduzir-as-emissoes-de-co2\/","url_meta":{"origin":1184,"position":1},"title":"Neg\u00f3cios lucrativos de TI para reduzir as emiss\u00f5es de CO2","author":"Eduardo Fagundes","date":"13 de novembro de 2014","format":false,"excerpt":"A expectativa \u00e9 de redu\u00e7\u00e3o das emiss\u00f5es de TI (dispositivos de usu\u00e1rios, telecomunica\u00e7\u00f5es e data centers) entre 2011 e 2020 em 2,3%, comparado com o aumento de 6,1% entre 2002 e 2011. Os principais motivos s\u00e3o a maior efici\u00eancia energ\u00e9tica dos equipamentos e a substitui\u00e7\u00e3o dos PCs por tablets. Em\u2026","rel":"","context":"Em &quot;Artigos&quot;","block_context":{"text":"Artigos","link":"https:\/\/efagundes.com\/artigos\/category\/artigos\/"},"img":{"alt_text":"","src":"","width":0,"height":0},"classes":[]},{"id":2100,"url":"https:\/\/efagundes.com\/artigos\/data-de-validade-da-petrobras\/","url_meta":{"origin":1184,"position":2},"title":"Data de validade da Petrobr\u00e1s","author":"Eduardo Fagundes","date":"17 de janeiro de 2016","format":false,"excerpt":"Tudo tem data de validade. A Terra, 5 bilh\u00f5es de anos. O Sol, 10 bilh\u00f5es de anos. As pessoas, 75,2 anos (78,8 para mulheres e 71,6 para os homens, no Brasil). A vida na Terra como conhecemos hoje at\u00e9 2.100, devido as mudan\u00e7as clim\u00e1tica. Os regimes pol\u00edticos, a moda, nossa\u2026","rel":"","context":"Em &quot;Artigos&quot;","block_context":{"text":"Artigos","link":"https:\/\/efagundes.com\/artigos\/category\/artigos\/"},"img":{"alt_text":"","src":"","width":0,"height":0},"classes":[]},{"id":598,"url":"https:\/\/efagundes.com\/artigos\/indicadores-de-sustentabilidade-e-eficiencia-energetica-para-data-centers\/","url_meta":{"origin":1184,"position":3},"title":"Indicadores de sustentabilidade e efici\u00eancia energ\u00e9tica para data centers","author":"Eduardo Fagundes","date":"3 de dezembro de 2014","format":false,"excerpt":"Cada vez mais as empresas l\u00edderes est\u00e3o aderindo, voluntariamente, a compromissos de responsabilidade social e preserva\u00e7\u00e3o do meio ambiente. Essa iniciativa, obrigatoriamente, deve envolver suas cadeias de fornecedores, pois s\u00e3o respons\u00e1veis pelas mat\u00e9rias primas e componentes que integram de seus produtos e servi\u00e7os. A demanda por energia e \u00e1gua para\u2026","rel":"","context":"Em &quot;Artigos&quot;","block_context":{"text":"Artigos","link":"https:\/\/efagundes.com\/artigos\/category\/artigos\/"},"img":{"alt_text":"","src":"","width":0,"height":0},"classes":[]},{"id":2271,"url":"https:\/\/efagundes.com\/artigos\/a-geracao-distribuida-substituira-o-mercado-livre-de-energia\/","url_meta":{"origin":1184,"position":4},"title":"A Gera\u00e7\u00e3o Distribu\u00edda substituir\u00e1 o Mercado Livre de energia?","author":"Eduardo Fagundes","date":"17 de setembro de 2016","format":false,"excerpt":"A Resolu\u00e7\u00e3o Normativa n\u00ba 687\/2015 da Aneel que trata sobre a gera\u00e7\u00e3o distribu\u00edda, atualiza\u00e7\u00e3o da resolu\u00e7\u00e3o n\u00ba 482, cria enormes oportunidades para novos modelos de neg\u00f3cios e projetos de gera\u00e7\u00e3o de energia, principalmente na gera\u00e7\u00e3o fotovoltaica. Esse novo cen\u00e1rio regulat\u00f3rio de gera\u00e7\u00e3o distribu\u00edda (GD) pode superar o modelo atual de\u2026","rel":"","context":"Em &quot;Artigos&quot;","block_context":{"text":"Artigos","link":"https:\/\/efagundes.com\/artigos\/category\/artigos\/"},"img":{"alt_text":"","src":"","width":0,"height":0},"classes":[]},{"id":1240,"url":"https:\/\/efagundes.com\/artigos\/adote-uma-usina-de-energia-renovavel\/","url_meta":{"origin":1184,"position":5},"title":"Adote uma usina de energia renov\u00e1vel","author":"Eduardo Fagundes","date":"20 de janeiro de 2015","format":false,"excerpt":"O apag\u00e3o for\u00e7ado coordenado pelo Operador Nacional do Sistema (ONS) em 19 de janeiro de 2015, provou que o sistema el\u00e9trico brasileiro opera no limite e qualquer eleva\u00e7\u00e3o de demanda se torna inst\u00e1vel. A restri\u00e7\u00e3o de oferta atingiu as regi\u00f5es Sudeste, Centro-Oeste e Sul, ou seja, as regi\u00f5es de maior\u2026","rel":"","context":"Em &quot;Artigos&quot;","block_context":{"text":"Artigos","link":"https:\/\/efagundes.com\/artigos\/category\/artigos\/"},"img":{"alt_text":"","src":"","width":0,"height":0},"classes":[]}],"jetpack_sharing_enabled":true,"_links":{"self":[{"href":"https:\/\/efagundes.com\/artigos\/wp-json\/wp\/v2\/posts\/1184","targetHints":{"allow":["GET"]}}],"collection":[{"href":"https:\/\/efagundes.com\/artigos\/wp-json\/wp\/v2\/posts"}],"about":[{"href":"https:\/\/efagundes.com\/artigos\/wp-json\/wp\/v2\/types\/post"}],"author":[{"embeddable":true,"href":"https:\/\/efagundes.com\/artigos\/wp-json\/wp\/v2\/users\/1"}],"replies":[{"embeddable":true,"href":"https:\/\/efagundes.com\/artigos\/wp-json\/wp\/v2\/comments?post=1184"}],"version-history":[{"count":0,"href":"https:\/\/efagundes.com\/artigos\/wp-json\/wp\/v2\/posts\/1184\/revisions"}],"wp:attachment":[{"href":"https:\/\/efagundes.com\/artigos\/wp-json\/wp\/v2\/media?parent=1184"}],"wp:term":[{"taxonomy":"category","embeddable":true,"href":"https:\/\/efagundes.com\/artigos\/wp-json\/wp\/v2\/categories?post=1184"},{"taxonomy":"post_tag","embeddable":true,"href":"https:\/\/efagundes.com\/artigos\/wp-json\/wp\/v2\/tags?post=1184"}],"curies":[{"name":"wp","href":"https:\/\/api.w.org\/{rel}","templated":true}]}}