{"id":1209,"date":"2014-12-15T08:17:58","date_gmt":"2014-12-15T10:17:58","guid":{"rendered":"http:\/\/efagundes.com\/inovacao\/?p=1209"},"modified":"2016-09-03T07:37:04","modified_gmt":"2016-09-03T10:37:04","slug":"as-cidades-inteligentes-exigem-novos-modelos-de-gestao-municipal","status":"publish","type":"post","link":"https:\/\/efagundes.com\/artigos\/as-cidades-inteligentes-exigem-novos-modelos-de-gestao-municipal\/","title":{"rendered":"As cidades inteligentes exigem novos modelos de gest\u00e3o municipal"},"content":{"rendered":"<p>Um fen\u00f4meno global \u00e9 a baixa confian\u00e7a dos cidad\u00e3os com seus governos e as finan\u00e7as p\u00fablicas sob stress. \u00a0Isso resulta em um abismo entre as expectativas dos cidad\u00e3os e a capacidade dos governos de identificar e implementar programas para a popula\u00e7\u00e3o. Refor\u00e7o que o problema atinge v\u00e1rios pa\u00edses, incluindo os Estados Unidos e v\u00e1rios pa\u00edses europeus. No Brasil, esse abismo pode ser maior devido as nossas caracter\u00edsticas culturais e corrup\u00e7\u00e3o. Muitos buscam uma resposta dos governos federais, por\u00e9m a solu\u00e7\u00e3o est\u00e1 mais pr\u00f3xima do que se pensa, nas prefeituras. Entretanto, os prefeitos devem transformar o modelo tradicional de gest\u00e3o para atender as novas expectativas dos cidad\u00e3os que exigem mais transpar\u00eancia do governo, mobilidade, seguran\u00e7a, sa\u00fade, educa\u00e7\u00e3o e lazer, resultando em melhor qualidade de vida para as pessoas. A proposta \u00e9 transformar os governos municipais em facilitadores em vez de provedores de solu\u00e7\u00f5es, transformando as cidades tradicionais em cidades inteligentes.<\/p>\n<p>Ainda discutimos se os governos devem assumir o comando da infraestrutura e dos servi\u00e7os ou se devem deixar para a iniciativa privada ou se os pr\u00f3prios cidad\u00e3os devem assumir o controle. Parece que a crise econ\u00f4mica e o baixo crescimento das economias est\u00e3o for\u00e7ando uma profunda revis\u00e3o dos modelos de gest\u00e3o do governo. Os governos municipais s\u00e3o os mais afetados, pois s\u00e3o eles que interagem diretamente com os cidad\u00e3os.<\/p>\n<p>Mesmo em mundo ideal sem corrup\u00e7\u00e3o, as finan\u00e7as p\u00fablicas n\u00e3o conseguir\u00e3o atender as expectativas crescentes dos cidad\u00e3os. A solu\u00e7\u00e3o \u00e9 os governos assumirem o papel de facilitadores na cria\u00e7\u00e3o de plataformas de servi\u00e7os e tecnol\u00f3gicas para serem exploradas pela iniciativa privada. A demora na ado\u00e7\u00e3o desse novo modelo de gest\u00e3o p\u00fablica traz preju\u00edzos para os cidad\u00e3os, empresas e governo.<\/p>\n<p>Um exemplo \u00e9 a falta de atua\u00e7\u00e3o dos governos municipais na estrat\u00e9gia de redes inteligentes de energia el\u00e9trica, o chamado <em>Smart Grid<\/em>. No Brasil, o modelo de concess\u00f5es na distribui\u00e7\u00e3o de energia permite que as concession\u00e1rias definam a tecnologia da infraestrutura de telecomunica\u00e7\u00f5es. Desta forma, cada empresa est\u00e1 criando uma infraestrutura pr\u00f3pria sem planos de compartilhamento com outros servi\u00e7os.<\/p>\n<p>Por outro lado, muitos munic\u00edpios est\u00e3o implantando projetos de Internet para escolas, bibliotecas, pr\u00e9dios p\u00fablicos e para os cidad\u00e3os, criando plataformas de telecomunica\u00e7\u00f5es pr\u00f3prias. Uma alternativa seria que a prefeitura assumisse o papel de facilitador e definisse uma plataforma comum de telecomunica\u00e7\u00f5es para compartilhar com todos os servi\u00e7os, oferecendo esses servi\u00e7os para as concession\u00e1rias de energia, \u00e1gua e g\u00e1s. Isso permitiria que os investimentos redundantes fossem canalizados para outros projetos para os cidad\u00e3os, al\u00e9m de gerar receita adicional aos cofres municipais.<\/p>\n<p>Poder\u00edamos pensar que o papel de definir esse modelo de compartilhamento de telecomunica\u00e7\u00f5es, no nosso exemplo, seria das ag\u00eancias reguladoras, ANATEL e ANEEL, ou das ag\u00eancias estaduais, no caso de S\u00e3o Paulo, a ARSESP, Ag\u00eancia Reguladora de Saneamento e Energia do Estado de S\u00e3o Paulo. Infelizmente, essas ag\u00eancias est\u00e3o, provavelmente, com desafios maiores e sem tempo para se dedicar ao assunto. Entretanto, essa falta de defini\u00e7\u00e3o afeta, diretamente, as prefeituras em suas estrat\u00e9gias de cidades inteligentes.<\/p>\n<p>Resumindo, acredito que os prefeitos e as c\u00e2maras municipais deveriam assumir seu papel de lideran\u00e7a e defesa dos interesses dos cidad\u00e3os e definir suas pol\u00edticas e projetos para transformar suas cidades em cidades inteligentes, transformando o modelo de provedor de servi\u00e7os para um modelo de facilitador de servi\u00e7os.<\/p>\n","protected":false},"excerpt":{"rendered":"<p>Um fen\u00f4meno global \u00e9 a baixa confian\u00e7a dos cidad\u00e3os com seus governos e as finan\u00e7as p\u00fablicas sob stress. \u00a0Isso resulta em um abismo entre as expectativas dos cidad\u00e3os e a capacidade dos governos de identificar e implementar programas para a popula\u00e7\u00e3o. Refor\u00e7o que o problema atinge v\u00e1rios pa\u00edses, incluindo os Estados Unidos e v\u00e1rios pa\u00edses [&hellip;]<\/p>\n","protected":false},"author":1,"featured_media":0,"comment_status":"open","ping_status":"open","sticky":false,"template":"","format":"standard","meta":{"jetpack_post_was_ever_published":false,"_jetpack_newsletter_access":"","_jetpack_dont_email_post_to_subs":false,"_jetpack_newsletter_tier_id":0,"_jetpack_memberships_contains_paywalled_content":false,"_jetpack_memberships_contains_paid_content":false,"footnotes":""},"categories":[352,3,4,9,13],"tags":[58,270,271,272,273,285],"class_list":["post-1209","post","type-post","status-publish","format-standard","hentry","category-artigos","category-blog","category-cidades-inteligentes","category-inovacao","category-sustentabilidade","tag-cidades-inteligentes","tag-smart-cities","tag-smart-city","tag-smart-grid","tag-smart-metering","tag-sustentabilidade"],"jetpack_featured_media_url":"","jetpack_shortlink":"https:\/\/wp.me\/p8yInB-jv","jetpack-related-posts":[{"id":1205,"url":"https:\/\/efagundes.com\/artigos\/medicao-inteligente-multisservicos-de-energia-agua-e-gas\/","url_meta":{"origin":1209,"position":0},"title":"Medi\u00e7\u00e3o inteligente multisservi\u00e7os de energia, \u00e1gua e g\u00e1s","author":"Eduardo Fagundes","date":"12 de dezembro de 2014","format":false,"excerpt":"Precisamos adotar novos conceitos de gest\u00e3o para viabilizar o crescimento da economia brasileira. Continuar usando modelos de gest\u00e3o e regulamenta\u00e7\u00e3o de mercado criados no passado j\u00e1 n\u00e3o atendem mais aos desafios dos complexos modelos de neg\u00f3cios globais. A crise energ\u00e9tica e h\u00eddrica que estamos atravessando deve ser o gatilho para\u2026","rel":"","context":"Em &quot;Artigos&quot;","block_context":{"text":"Artigos","link":"https:\/\/efagundes.com\/artigos\/category\/artigos\/"},"img":{"alt_text":"","src":"","width":0,"height":0},"classes":[]},{"id":1190,"url":"https:\/\/efagundes.com\/artigos\/iluminacao-publica-a-porta-de-entrada-para-uma-cidade-inteligente\/","url_meta":{"origin":1209,"position":1},"title":"Ilumina\u00e7\u00e3o P\u00fablica a porta de entrada para uma cidade inteligente","author":"Eduardo Fagundes","date":"11 de dezembro de 2014","format":false,"excerpt":"A partir de 2015 todas as prefeituras assumir\u00e3o os ativos e servi\u00e7os de ilumina\u00e7\u00e3o p\u00fablica de seus munic\u00edpios. Na maioria dos casos, as prefeituras contratavam esse servi\u00e7o das concession\u00e1rias de distribui\u00e7\u00e3o de energia da sua regi\u00e3o que inclu\u00eda os ativos e atendimento ao cidad\u00e3o. Cada domicilio com uma liga\u00e7\u00e3o de\u2026","rel":"","context":"Em &quot;Artigos&quot;","block_context":{"text":"Artigos","link":"https:\/\/efagundes.com\/artigos\/category\/artigos\/"},"img":{"alt_text":"","src":"","width":0,"height":0},"classes":[]},{"id":2035,"url":"https:\/\/efagundes.com\/artigos\/o-desafio-das-empresas-cidades-e-campo-nas-proximas-decadas\/","url_meta":{"origin":1209,"position":2},"title":"O desafio das empresas, cidades e campo nas pr\u00f3ximas d\u00e9cadas","author":"Eduardo Fagundes","date":"18 de julho de 2015","format":false,"excerpt":"Em 2008, atingimos a marca hist\u00f3rica de igualar o n\u00famero de habitantes nas cidades e no campo, mundialmente. Em 2050, estima-se que 7 entre 10 habitantes estar\u00e3o nas cidades, ou seja, \u00e9 esperado um crescimento de 3,6 bilh\u00f5es de pessoas atualmente que vivem nas cidades para mais de 6 bilh\u00f5es\u2026","rel":"","context":"Em &quot;Artigos&quot;","block_context":{"text":"Artigos","link":"https:\/\/efagundes.com\/artigos\/category\/artigos\/"},"img":{"alt_text":"","src":"","width":0,"height":0},"classes":[]},{"id":607,"url":"https:\/\/efagundes.com\/artigos\/o-combate-a-corrupcao-depende-de-uma-boa-gestao\/","url_meta":{"origin":1209,"position":3},"title":"O combate a corrup\u00e7\u00e3o depende de uma boa gest\u00e3o","author":"Eduardo Fagundes","date":"9 de dezembro de 2014","format":false,"excerpt":"Na \u00faltima reuni\u00e3o do G20, grupo de pa\u00edses que representam 85% da economia mundial, em novembro de 2014, colocou o combate a corrup\u00e7\u00e3o no topo da lista de 10 prioridades internacionais. O suborno \u00e9 um dos maiores riscos para a sustentabilidade dos neg\u00f3cios das empresas e governos. Estima-se em US$1\u2026","rel":"","context":"Em &quot;Artigos&quot;","block_context":{"text":"Artigos","link":"https:\/\/efagundes.com\/artigos\/category\/artigos\/"},"img":{"alt_text":"","src":"","width":0,"height":0},"classes":[]},{"id":1057,"url":"https:\/\/efagundes.com\/artigos\/ate-2025-o-modelo-economico-chines-sera-dominante\/","url_meta":{"origin":1209,"position":4},"title":"At\u00e9 2025, o modelo econ\u00f4mico chin\u00eas ser\u00e1 dominante","author":"Eduardo Fagundes","date":"17 de agosto de 2014","format":false,"excerpt":"Estamos caminhando para adotar o modelo econ\u00f4mico chin\u00eas. A capacidade de produ\u00e7\u00e3o chinesa e de outros pa\u00edses da \u00c1sia desequilibrou os pre\u00e7os dos produtos no mundo. Os efeitos da globaliza\u00e7\u00e3o afetam todos os pa\u00edses e exigem estrat\u00e9gias de Estado e dos empres\u00e1rios para potencializar ou mitigar seus impactos. As previs\u00f5es\u2026","rel":"","context":"Em &quot;Artigos&quot;","block_context":{"text":"Artigos","link":"https:\/\/efagundes.com\/artigos\/category\/artigos\/"},"img":{"alt_text":"","src":"","width":0,"height":0},"classes":[]},{"id":221,"url":"https:\/\/efagundes.com\/artigos\/a-dura-tarefa-para-definir-a-estrategia-para-data-centers\/","url_meta":{"origin":1209,"position":5},"title":"A dura tarefa de definir a estrat\u00e9gia para data centers","author":"Eduardo Fagundes","date":"13 de outubro de 2013","format":false,"excerpt":"A defini\u00e7\u00e3o estrat\u00e9gica para data centers \u00e9 um grande desafio para as organiza\u00e7\u00f5es. O crescimento da demanda de aplica\u00e7\u00f5es para apoiar as unidades de neg\u00f3cios exige o aumento da infraestrutura dos data centers. Esse desafio gera fortes press\u00f5es internas por redu\u00e7\u00e3o de custos. \u00c9 fundamental alinhar os requerimentos dos data\u2026","rel":"","context":"Em &quot;Artigos&quot;","block_context":{"text":"Artigos","link":"https:\/\/efagundes.com\/artigos\/category\/artigos\/"},"img":{"alt_text":"","src":"","width":0,"height":0},"classes":[]}],"jetpack_sharing_enabled":true,"_links":{"self":[{"href":"https:\/\/efagundes.com\/artigos\/wp-json\/wp\/v2\/posts\/1209","targetHints":{"allow":["GET"]}}],"collection":[{"href":"https:\/\/efagundes.com\/artigos\/wp-json\/wp\/v2\/posts"}],"about":[{"href":"https:\/\/efagundes.com\/artigos\/wp-json\/wp\/v2\/types\/post"}],"author":[{"embeddable":true,"href":"https:\/\/efagundes.com\/artigos\/wp-json\/wp\/v2\/users\/1"}],"replies":[{"embeddable":true,"href":"https:\/\/efagundes.com\/artigos\/wp-json\/wp\/v2\/comments?post=1209"}],"version-history":[{"count":0,"href":"https:\/\/efagundes.com\/artigos\/wp-json\/wp\/v2\/posts\/1209\/revisions"}],"wp:attachment":[{"href":"https:\/\/efagundes.com\/artigos\/wp-json\/wp\/v2\/media?parent=1209"}],"wp:term":[{"taxonomy":"category","embeddable":true,"href":"https:\/\/efagundes.com\/artigos\/wp-json\/wp\/v2\/categories?post=1209"},{"taxonomy":"post_tag","embeddable":true,"href":"https:\/\/efagundes.com\/artigos\/wp-json\/wp\/v2\/tags?post=1209"}],"curies":[{"name":"wp","href":"https:\/\/api.w.org\/{rel}","templated":true}]}}