{"id":1240,"date":"2015-01-20T10:24:14","date_gmt":"2015-01-20T12:24:14","guid":{"rendered":"http:\/\/efagundes.com\/inovacao\/?p=1240"},"modified":"2016-09-03T07:36:51","modified_gmt":"2016-09-03T10:36:51","slug":"adote-uma-usina-de-energia-renovavel","status":"publish","type":"post","link":"https:\/\/efagundes.com\/artigos\/adote-uma-usina-de-energia-renovavel\/","title":{"rendered":"Adote uma usina de energia renov\u00e1vel"},"content":{"rendered":"<p>O apag\u00e3o for\u00e7ado coordenado pelo Operador Nacional do Sistema (ONS) em 19 de janeiro de 2015, provou que o sistema el\u00e9trico brasileiro opera no limite e qualquer eleva\u00e7\u00e3o de demanda se torna inst\u00e1vel. A restri\u00e7\u00e3o de oferta atingiu as regi\u00f5es Sudeste, Centro-Oeste e Sul, ou seja, as regi\u00f5es de maior concentra\u00e7\u00e3o das atividades econ\u00f4micas do pa\u00eds. O epis\u00f3dio mostrou nossa forte depend\u00eancia das hidrel\u00e9tricas, que tiveram sua capacidade de gera\u00e7\u00e3o reduzida devido a longa estiagem que reduziu os n\u00edveis dos lagos de reserva. Infelizmente, epis\u00f3dios como este podem ocorrer com mais frequ\u00eancia. Embora, algumas empresas tenham geradores a diesel esses n\u00e3o s\u00e3o suficientes para atender toda a demanda ou, se atendem, por per\u00edodos pequenos, como \u00e9 o caso dos data centers. Sistemas el\u00e9tricos integrados, como o brasileiro, s\u00e3o eficientes se bem dimensionados e modernos (alto grau de automa\u00e7\u00e3o), caso contr\u00e1rio, uma falha gera um efeito domino. Minha sugest\u00e3o \u00e9 que grandes consumidores de energia adotem uma usina de energia renov\u00e1vel e se instalem pr\u00f3ximo a ela.<\/p>\n<p>Acredito que o futuro ser\u00e1 da gera\u00e7\u00e3o distribu\u00edda, onde empresas e pessoas gerar\u00e3o sua pr\u00f3pria energia para consumo. Hoje com um investimento de cerca de R$17.000 \u00e9 poss\u00edvel instalar um sistema de microgera\u00e7\u00e3o de energia fotovoltaico para atender uma resid\u00eancia com quatro pessoas, com a possibilidade de repassar para a concession\u00e1ria de distribui\u00e7\u00e3o local o excedente\u00a0produzido durante o dia, compensando o consumo noturno. A Honda investiu R$100 milh\u00f5es em um parque e\u00f3lico de 27MW em Xangri-l\u00e1 (RS) para atender a demanda da sua f\u00e1brica em Sumar\u00e9 (SP) com uma redu\u00e7\u00e3o entre 40-45% do custo em energia. Infelizmente, a Honda compartilha o mesmo sistema el\u00e9trico integrado para o transporte da energia que em caso de colapso do sistema ela ser\u00e1 afetada.<\/p>\n<p>O Minist\u00e9rio das Comunica\u00e7\u00f5es e a Itaipu Multinacional assinaram um acordo de colabora\u00e7\u00e3o para a cria\u00e7\u00e3o de um condom\u00ednio de data centers no parque tecnol\u00f3gico dentro da usina. Isso, a princ\u00edpio, garantir\u00e1 energia continua e barata (se aprovado algumas isen\u00e7\u00f5es fiscais) para os data centers. Nessa situa\u00e7\u00e3o, mesmo com um colapso do sistema el\u00e9trico integrado, os data centers continuariam operando com a energia de Itaipu.<\/p>\n<p>Uma op\u00e7\u00e3o \u00e9 que os governos (federal, estadual e municipal) criassem condi\u00e7\u00f5es regulat\u00f3rias e fiscais para as ind\u00fastrias, incluindo a de servi\u00e7os (Call Centers, Data Centers e outras) se instalassem pr\u00f3ximas as usinas de gera\u00e7\u00e3o, principalmente as de fontes renov\u00e1veis como biomassa, e\u00f3lica e fotovoltaica.<\/p>\n<p>Al\u00e9m de garantir maior confiabilidade de fornecimento de energia, desenvolveria as regi\u00f5es pr\u00f3ximas as fontes geradoras, que normalmente est\u00e3o afastadas dos grandes centros metropolitanos, e estariam em conformidade com a pol\u00edtica de redu\u00e7\u00e3o de emiss\u00e3o de gases do efeito estufa.<\/p>\n<p>Isso vale tamb\u00e9m para um movimento que estou apoiando para criar Zonas de Processamento de Exporta\u00e7\u00e3o (ZPE) para a ind\u00fastria de software.<\/p>\n<p>&nbsp;<\/p>\n","protected":false},"excerpt":{"rendered":"<p>O apag\u00e3o for\u00e7ado coordenado pelo Operador Nacional do Sistema (ONS) em 19 de janeiro de 2015, provou que o sistema el\u00e9trico brasileiro opera no limite e qualquer eleva\u00e7\u00e3o de demanda se torna inst\u00e1vel. A restri\u00e7\u00e3o de oferta atingiu as regi\u00f5es Sudeste, Centro-Oeste e Sul, ou seja, as regi\u00f5es de maior concentra\u00e7\u00e3o das atividades econ\u00f4micas do [&hellip;]<\/p>\n","protected":false},"author":1,"featured_media":0,"comment_status":"open","ping_status":"open","sticky":false,"template":"","format":"standard","meta":{"jetpack_post_was_ever_published":false,"_jetpack_newsletter_access":"","_jetpack_dont_email_post_to_subs":false,"_jetpack_newsletter_tier_id":0,"_jetpack_memberships_contains_paywalled_content":false,"_jetpack_memberships_contains_paid_content":false,"footnotes":""},"categories":[352,3,6,9,13],"tags":[84,107,113,285],"class_list":["post-1240","post","type-post","status-publish","format-standard","hentry","category-artigos","category-blog","category-eficiencia-energetica","category-inovacao","category-sustentabilidade","tag-data-center","tag-eficiencia-energetica","tag-energia-renovavel","tag-sustentabilidade"],"jetpack_featured_media_url":"","jetpack_shortlink":"https:\/\/wp.me\/p8yInB-k0","jetpack-related-posts":[{"id":361,"url":"https:\/\/efagundes.com\/artigos\/indicadores-de-eficiencia-energetica-e-sustentabilidade-de-data-centers\/","url_meta":{"origin":1240,"position":0},"title":"Indicadores de efici\u00eancia energ\u00e9tica e sustentabilidade de data centers","author":"Eduardo Fagundes","date":"16 de abril de 2014","format":false,"excerpt":"Os data centers assumem uma import\u00e2ncia cada vez maior nas opera\u00e7\u00f5es de neg\u00f3cios. Com o crescimento cada vez maior da demanda por processamento para atender as aplica\u00e7\u00f5es pessoais (redes sociais, aplicativos m\u00f3veis, jogo online, etc.) e de neg\u00f3cios (transa\u00e7\u00f5es comerciais entre empresas, B2B, log\u00edstica, ERP, etc.) os custos com energia\u2026","rel":"","context":"Em &quot;Artigos&quot;","block_context":{"text":"Artigos","link":"https:\/\/efagundes.com\/artigos\/category\/artigos\/"},"img":{"alt_text":"","src":"","width":0,"height":0},"classes":[]},{"id":598,"url":"https:\/\/efagundes.com\/artigos\/indicadores-de-sustentabilidade-e-eficiencia-energetica-para-data-centers\/","url_meta":{"origin":1240,"position":1},"title":"Indicadores de sustentabilidade e efici\u00eancia energ\u00e9tica para data centers","author":"Eduardo Fagundes","date":"3 de dezembro de 2014","format":false,"excerpt":"Cada vez mais as empresas l\u00edderes est\u00e3o aderindo, voluntariamente, a compromissos de responsabilidade social e preserva\u00e7\u00e3o do meio ambiente. Essa iniciativa, obrigatoriamente, deve envolver suas cadeias de fornecedores, pois s\u00e3o respons\u00e1veis pelas mat\u00e9rias primas e componentes que integram de seus produtos e servi\u00e7os. A demanda por energia e \u00e1gua para\u2026","rel":"","context":"Em &quot;Artigos&quot;","block_context":{"text":"Artigos","link":"https:\/\/efagundes.com\/artigos\/category\/artigos\/"},"img":{"alt_text":"","src":"","width":0,"height":0},"classes":[]},{"id":341,"url":"https:\/\/efagundes.com\/artigos\/o-desafio-da-energia-para-os-data-center-e-o-compromisso-com-a-sustentabilidade\/","url_meta":{"origin":1240,"position":2},"title":"O desafio da energia para os data centers e o compromisso com a sustentabilidade","author":"Eduardo Fagundes","date":"3 de abril de 2014","format":false,"excerpt":"Em abril de 2014, o Greenpeace liberou um novo relat\u00f3rio sobre o uso de energia renov\u00e1vel pelos maiores data centers globais. Esse relat\u00f3rio apresenta um ranking dos data centers mais comprometidos com o uso de energia renov\u00e1vel com o objetivo de mitigar a emiss\u00e3o de gases do efeito estufa. O\u2026","rel":"","context":"Em &quot;Artigos&quot;","block_context":{"text":"Artigos","link":"https:\/\/efagundes.com\/artigos\/category\/artigos\/"},"img":{"alt_text":"figura-clean-data-center-greenpeace-april-2014","src":"https:\/\/i0.wp.com\/efagundes.com\/artigos\/wp-content\/uploads\/sites\/2\/2014\/04\/figura-clean-data-center-greenpeace-april-2014.png?resize=350%2C200","width":350,"height":200,"srcset":"https:\/\/i0.wp.com\/efagundes.com\/artigos\/wp-content\/uploads\/sites\/2\/2014\/04\/figura-clean-data-center-greenpeace-april-2014.png?resize=350%2C200 1x, https:\/\/i0.wp.com\/efagundes.com\/artigos\/wp-content\/uploads\/sites\/2\/2014\/04\/figura-clean-data-center-greenpeace-april-2014.png?resize=525%2C300 1.5x, https:\/\/i0.wp.com\/efagundes.com\/artigos\/wp-content\/uploads\/sites\/2\/2014\/04\/figura-clean-data-center-greenpeace-april-2014.png?resize=700%2C400 2x"},"classes":[]},{"id":1223,"url":"https:\/\/efagundes.com\/artigos\/controle-da-demanda-de-energia-e-uma-questao-de-sobrevivencia-empresarial\/","url_meta":{"origin":1240,"position":3},"title":"Controle da demanda de energia \u00e9 uma quest\u00e3o de sobreviv\u00eancia empresarial","author":"Eduardo Fagundes","date":"29 de dezembro de 2014","format":false,"excerpt":"Segundo a Federa\u00e7\u00e3o das Ind\u00fastrias do Estado do Rio de Janeiro (Firjan), o aumento da energia resultar\u00e1 um custo estrutural de R$401,30 por MWh at\u00e9 o final de 2015 para a ind\u00fastria. Em 2013, o custo m\u00e9dio da ind\u00fastria era de R$263,00 por MWh. A introdu\u00e7\u00e3o das bandeiras tarif\u00e1rias em\u2026","rel":"","context":"Em &quot;Artigos&quot;","block_context":{"text":"Artigos","link":"https:\/\/efagundes.com\/artigos\/category\/artigos\/"},"img":{"alt_text":"","src":"","width":0,"height":0},"classes":[]},{"id":420,"url":"https:\/\/efagundes.com\/artigos\/o-desafio-do-consumo-de-energia-dos-data-centers-no-brasil\/","url_meta":{"origin":1240,"position":4},"title":"O desafio do consumo de energia dos Data Centers no Brasil","author":"Eduardo Fagundes","date":"28 de agosto de 2014","format":false,"excerpt":"O consumo total de energia dos data centers ocupa a sexta posi\u00e7\u00e3o no mundo se comparado ao consumo de pa\u00edses, perdendo apenas para a China, Estados Unidos, Jap\u00e3o, \u00cdndia e R\u00fassia (2011). Os recursos por mais processamento, armazenamento de dados e comunica\u00e7\u00f5es ir\u00e1 triplicar entre 2012 e 2017, crescendo de\u2026","rel":"","context":"Em &quot;Artigos&quot;","block_context":{"text":"Artigos","link":"https:\/\/efagundes.com\/artigos\/category\/artigos\/"},"img":{"alt_text":"","src":"","width":0,"height":0},"classes":[]},{"id":2095,"url":"https:\/\/efagundes.com\/artigos\/energia-fotovoltaica-gerara-4-da-matriz-energetica-brasileira-ate-2024\/","url_meta":{"origin":1240,"position":5},"title":"Energia fotovoltaica gerar\u00e1 4% da matriz energ\u00e9tica brasileira at\u00e9 2024","author":"Eduardo Fagundes","date":"14 de janeiro de 2016","format":false,"excerpt":"Estima-se que a energia fotovoltaica, gerada a partir de pain\u00e9is solares, produzir\u00e1 7 GW (giga watts) de eletricidade at\u00e9 2024, metade da energia produzida pela Usina de Itaipu. Em 2015 houve um crescimento de 300% da micro e mini gera\u00e7\u00e3o, produ\u00e7\u00e3o independente at\u00e9 1MWp. Espera-se contrata\u00e7\u00f5es na ordem de R$8\u2026","rel":"","context":"Em &quot;Artigos&quot;","block_context":{"text":"Artigos","link":"https:\/\/efagundes.com\/artigos\/category\/artigos\/"},"img":{"alt_text":"","src":"https:\/\/i0.wp.com\/efagundes.com\/artigos\/wp-content\/uploads\/sites\/2\/2016\/01\/mapa-energia-solar-no-brasil.jpg?resize=350%2C200&ssl=1","width":350,"height":200,"srcset":"https:\/\/i0.wp.com\/efagundes.com\/artigos\/wp-content\/uploads\/sites\/2\/2016\/01\/mapa-energia-solar-no-brasil.jpg?resize=350%2C200&ssl=1 1x, https:\/\/i0.wp.com\/efagundes.com\/artigos\/wp-content\/uploads\/sites\/2\/2016\/01\/mapa-energia-solar-no-brasil.jpg?resize=525%2C300&ssl=1 1.5x, https:\/\/i0.wp.com\/efagundes.com\/artigos\/wp-content\/uploads\/sites\/2\/2016\/01\/mapa-energia-solar-no-brasil.jpg?resize=700%2C400&ssl=1 2x, https:\/\/i0.wp.com\/efagundes.com\/artigos\/wp-content\/uploads\/sites\/2\/2016\/01\/mapa-energia-solar-no-brasil.jpg?resize=1050%2C600&ssl=1 3x, https:\/\/i0.wp.com\/efagundes.com\/artigos\/wp-content\/uploads\/sites\/2\/2016\/01\/mapa-energia-solar-no-brasil.jpg?resize=1400%2C800&ssl=1 4x"},"classes":[]}],"jetpack_sharing_enabled":true,"_links":{"self":[{"href":"https:\/\/efagundes.com\/artigos\/wp-json\/wp\/v2\/posts\/1240","targetHints":{"allow":["GET"]}}],"collection":[{"href":"https:\/\/efagundes.com\/artigos\/wp-json\/wp\/v2\/posts"}],"about":[{"href":"https:\/\/efagundes.com\/artigos\/wp-json\/wp\/v2\/types\/post"}],"author":[{"embeddable":true,"href":"https:\/\/efagundes.com\/artigos\/wp-json\/wp\/v2\/users\/1"}],"replies":[{"embeddable":true,"href":"https:\/\/efagundes.com\/artigos\/wp-json\/wp\/v2\/comments?post=1240"}],"version-history":[{"count":0,"href":"https:\/\/efagundes.com\/artigos\/wp-json\/wp\/v2\/posts\/1240\/revisions"}],"wp:attachment":[{"href":"https:\/\/efagundes.com\/artigos\/wp-json\/wp\/v2\/media?parent=1240"}],"wp:term":[{"taxonomy":"category","embeddable":true,"href":"https:\/\/efagundes.com\/artigos\/wp-json\/wp\/v2\/categories?post=1240"},{"taxonomy":"post_tag","embeddable":true,"href":"https:\/\/efagundes.com\/artigos\/wp-json\/wp\/v2\/tags?post=1240"}],"curies":[{"name":"wp","href":"https:\/\/api.w.org\/{rel}","templated":true}]}}