{"id":1244,"date":"2015-01-21T10:53:04","date_gmt":"2015-01-21T12:53:04","guid":{"rendered":"http:\/\/efagundes.com\/inovacao\/?p=1244"},"modified":"2016-09-03T07:36:49","modified_gmt":"2016-09-03T10:36:49","slug":"apagao-eletrico-e-planos-de-continuidade-de-negocios","status":"publish","type":"post","link":"https:\/\/efagundes.com\/artigos\/apagao-eletrico-e-planos-de-continuidade-de-negocios\/","title":{"rendered":"Apag\u00e3o el\u00e9trico e Planos de Continuidade de Neg\u00f3cios"},"content":{"rendered":"<p>O apag\u00e3o controlado de energia do dia 19 de janeiro de 2015 emitiu um sinal de alerta sobre\u00a0a amea\u00e7a crescente de racionamento de \u00e1gua e energia. Apesar das informa\u00e7\u00f5es desencontradas entre o Ministro das Minas e Energia, Eduardo Braga, e do Diretor Geral do ONS, Hermes Chipp, sobre as causas da interrup\u00e7\u00e3o de energia em 10 Estados e Distrito Federal, sabe-se que foi uma restri\u00e7\u00e3o de fornecimento de energia na interliga\u00e7\u00e3o Norte e Sul. Em outras palavras, a energia de sobra no Norte e Nordeste n\u00e3o teve como ser transmitida para a regi\u00e3o Sul.<\/p>\n<p>O potencial de novas ocorr\u00eancias \u00e9 grande, ainda mais que 59% das obras dos 388 projetos de linhas de transmiss\u00e3o de energia est\u00e3o atrasados. Atualmente, temos 107 mil quil\u00f4metros de linhas de transmiss\u00e3o de alta tens\u00e3o, que devem ser constantemente inspecionadas para evitar falhas, sem d\u00favida, um grande desafio.<\/p>\n<p>A queda de uma torre de transmiss\u00e3o ou uma falha grave em um grande transformador de energia em uma subesta\u00e7\u00e3o pode restringir, consideravelmente, o fornecimento de energia. A situa\u00e7\u00e3o \u00e9 t\u00e3o cr\u00edtica e sem sa\u00edda para os humanos, que a \u00fanica op\u00e7\u00e3o \u00e9 rezar para S\u00e3o Pedro mandar chover e apostar na sorte para n\u00e3o ocorrer novas falhas no sistema.<\/p>\n<p>Infelizmente, os impactos s\u00e3o desastrosos para as empresas. As a\u00e7\u00f5es das empresas do setor el\u00e9trico tiveram forte queda na Bovespa no dia apag\u00e3o: CPFL ON (-7,30%), Light ON (-6,58%), Cemig PN (-6,37%), Tractebel ON (-6,31%) e Copel PNB (-5,99%).<\/p>\n<p>Quem trabalha no mundo corporativo sabe que para todo risco deve existir uma a\u00e7\u00e3o de contingencia. Imagine um executivo relatando para seus superiores no exterior a crise de energia no pa\u00eds e o potencial risco de paralisa\u00e7\u00e3o das opera\u00e7\u00f5es e apresentar como plano de a\u00e7\u00e3o uma ora\u00e7\u00e3o para S\u00e3o Pedro todos os dias no in\u00edcio do trabalho.<\/p>\n<p>Para muitas empresas, o plano de conting\u00eancia \u00e9 a instala\u00e7\u00e3o de geradores de energia a diesel, incluindo os data centers. Imagine uma falha grave no sistema el\u00e9trico por mais de 72 horas. Os tanques de combust\u00edvel dever\u00e3o ser reabastecidos. Sem energia, teremos um caos no tr\u00e2nsito, longos congestionamentos e dif\u00edcil acesso dos caminh\u00f5es de abastecimento, se \u00e9 que existir\u00e3o caminh\u00f5es dispon\u00edveis para atender a todas as empresas. A consequ\u00eancia \u00e9 que sua empresa ficar\u00e1 sem energia.<\/p>\n<p>Seguindo o mesmo racioc\u00ednio, se os reservat\u00f3rios de \u00e1gua atingirem n\u00edveis insustent\u00e1veis haver\u00e1 racionamento de \u00e1gua. Os restaurantes industriais ou dos arredores ter\u00e3o dificuldade em fornecer refei\u00e7\u00f5es. A higiene dos banheiros ficar\u00e1 comprometida. E o desastre total, n\u00e3o teremos cafezinho.<\/p>\n<p>As empresas que j\u00e1 adotam o trabalho remoto como pr\u00e1tica e possuem uma infraestrutura de colabora\u00e7\u00e3o virtual ter\u00e3o menos impacto com uma falta prolongada de energia. Os funcion\u00e1rios poder\u00e3o ser deslocados para regi\u00f5es com energia para operar a empresa. Para acontecer isso, o data center deve estar ativo e os dados dispon\u00edveis via Internet. Nesses casos, empresas que adotam computa\u00e7\u00e3o em nuvem (Cloud Computing) e virtualiza\u00e7\u00e3o de desktop ganham em flexibilidade e mobilidade.<\/p>\n<p>Apesar da TI viabilizar os planos de continuidade de neg\u00f3cio, o plano n\u00e3o \u00e9 responsabilidade dela. A TI deve se concentrar em seu Plano de Recupera\u00e7\u00e3o de Desastre que j\u00e1 \u00e9, suficientemente, complexo para garantir a disponibilidade e seguran\u00e7a das informa\u00e7\u00f5es.<\/p>\n<p>As empresas devem montar uma equipe multifuncional para elaborar e, principalmente, manter e atualizar os planos de continuidade de neg\u00f3cios, uma vez que mudan\u00e7as s\u00e3o constantes nas empresas.<\/p>\n<p>Comece com um workshop para levantar os processos que devem ter prioridade. Identifique quais os potenciais riscos da falta de energia e outros que podem afetar o processo. Use o m\u00e9todo FMEA (<em>Failure Modes and Effects Analysis<\/em>) para identificar a\u00e7\u00f5es de contorno e prioridades, baseado na probabilidade de ocorr\u00eancia e impacto no neg\u00f3cio. Depois de definidas as a\u00e7\u00f5es e suas prioridades parta para a implementa\u00e7\u00e3o e testes peri\u00f3dicos para avaliar sua efici\u00eancia.<\/p>\n<p>&nbsp;<\/p>\n","protected":false},"excerpt":{"rendered":"<p>O apag\u00e3o controlado de energia do dia 19 de janeiro de 2015 emitiu um sinal de alerta sobre\u00a0a amea\u00e7a crescente de racionamento de \u00e1gua e energia. Apesar das informa\u00e7\u00f5es desencontradas entre o Ministro das Minas e Energia, Eduardo Braga, e do Diretor Geral do ONS, Hermes Chipp, sobre as causas da interrup\u00e7\u00e3o de energia em [&hellip;]<\/p>\n","protected":false},"author":1,"featured_media":0,"comment_status":"open","ping_status":"open","sticky":false,"template":"","format":"standard","meta":{"jetpack_post_was_ever_published":false,"_jetpack_newsletter_access":"","_jetpack_dont_email_post_to_subs":false,"_jetpack_newsletter_tier_id":0,"_jetpack_memberships_contains_paywalled_content":false,"_jetpack_memberships_contains_paid_content":false,"footnotes":""},"categories":[352,3,9],"tags":[28,61,122,237,301],"class_list":["post-1244","post","type-post","status-publish","format-standard","hentry","category-artigos","category-blog","category-inovacao","tag-apagao","tag-cloud-computing","tag-fmea","tag-plano-de-continuidade-de-negocios","tag-virtualizacao-de-desktop"],"jetpack_featured_media_url":"","jetpack_shortlink":"https:\/\/wp.me\/p8yInB-k4","jetpack-related-posts":[{"id":1184,"url":"https:\/\/efagundes.com\/artigos\/autoproducao-e-mercado-livre-de-energia\/","url_meta":{"origin":1244,"position":0},"title":"Autoprodu\u00e7\u00e3o e Mercado Livre de Energia uma estrat\u00e9gia de continuidade de neg\u00f3cios","author":"Eduardo Fagundes","date":"8 de dezembro de 2014","format":false,"excerpt":"Imagine investir R$1,4 bilh\u00f5es em uma nova f\u00e1brica e deixar de operar por falta de energia. Ainda, como enfrentar o desafio de reduzir as emiss\u00f5es de gases de efeito estufa diminuindo custos e aumentando a produtividade. A solu\u00e7\u00e3o da Holcim, multinacional do setor de cimentos, foi contratar 55MW m\u00e9dios por\u2026","rel":"","context":"Em &quot;Artigos&quot;","block_context":{"text":"Artigos","link":"https:\/\/efagundes.com\/artigos\/category\/artigos\/"},"img":{"alt_text":"","src":"","width":0,"height":0},"classes":[]},{"id":1240,"url":"https:\/\/efagundes.com\/artigos\/adote-uma-usina-de-energia-renovavel\/","url_meta":{"origin":1244,"position":1},"title":"Adote uma usina de energia renov\u00e1vel","author":"Eduardo Fagundes","date":"20 de janeiro de 2015","format":false,"excerpt":"O apag\u00e3o for\u00e7ado coordenado pelo Operador Nacional do Sistema (ONS) em 19 de janeiro de 2015, provou que o sistema el\u00e9trico brasileiro opera no limite e qualquer eleva\u00e7\u00e3o de demanda se torna inst\u00e1vel. A restri\u00e7\u00e3o de oferta atingiu as regi\u00f5es Sudeste, Centro-Oeste e Sul, ou seja, as regi\u00f5es de maior\u2026","rel":"","context":"Em &quot;Artigos&quot;","block_context":{"text":"Artigos","link":"https:\/\/efagundes.com\/artigos\/category\/artigos\/"},"img":{"alt_text":"","src":"","width":0,"height":0},"classes":[]},{"id":2271,"url":"https:\/\/efagundes.com\/artigos\/a-geracao-distribuida-substituira-o-mercado-livre-de-energia\/","url_meta":{"origin":1244,"position":2},"title":"A Gera\u00e7\u00e3o Distribu\u00edda substituir\u00e1 o Mercado Livre de energia?","author":"Eduardo Fagundes","date":"17 de setembro de 2016","format":false,"excerpt":"A Resolu\u00e7\u00e3o Normativa n\u00ba 687\/2015 da Aneel que trata sobre a gera\u00e7\u00e3o distribu\u00edda, atualiza\u00e7\u00e3o da resolu\u00e7\u00e3o n\u00ba 482, cria enormes oportunidades para novos modelos de neg\u00f3cios e projetos de gera\u00e7\u00e3o de energia, principalmente na gera\u00e7\u00e3o fotovoltaica. Esse novo cen\u00e1rio regulat\u00f3rio de gera\u00e7\u00e3o distribu\u00edda (GD) pode superar o modelo atual de\u2026","rel":"","context":"Em &quot;Artigos&quot;","block_context":{"text":"Artigos","link":"https:\/\/efagundes.com\/artigos\/category\/artigos\/"},"img":{"alt_text":"","src":"","width":0,"height":0},"classes":[]},{"id":1223,"url":"https:\/\/efagundes.com\/artigos\/controle-da-demanda-de-energia-e-uma-questao-de-sobrevivencia-empresarial\/","url_meta":{"origin":1244,"position":3},"title":"Controle da demanda de energia \u00e9 uma quest\u00e3o de sobreviv\u00eancia empresarial","author":"Eduardo Fagundes","date":"29 de dezembro de 2014","format":false,"excerpt":"Segundo a Federa\u00e7\u00e3o das Ind\u00fastrias do Estado do Rio de Janeiro (Firjan), o aumento da energia resultar\u00e1 um custo estrutural de R$401,30 por MWh at\u00e9 o final de 2015 para a ind\u00fastria. Em 2013, o custo m\u00e9dio da ind\u00fastria era de R$263,00 por MWh. A introdu\u00e7\u00e3o das bandeiras tarif\u00e1rias em\u2026","rel":"","context":"Em &quot;Artigos&quot;","block_context":{"text":"Artigos","link":"https:\/\/efagundes.com\/artigos\/category\/artigos\/"},"img":{"alt_text":"","src":"","width":0,"height":0},"classes":[]},{"id":586,"url":"https:\/\/efagundes.com\/artigos\/que-mercados-e-segmentos-da-economia-estao-mais-ameacados-pelas-inovacoes-disruptivas\/","url_meta":{"origin":1244,"position":4},"title":"Que mercados e segmentos da economia est\u00e3o mais &#8220;amea\u00e7ados&#8221; pelas inova\u00e7\u00f5es disruptivas?","author":"Eduardo Fagundes","date":"28 de fevereiro de 2013","format":false,"excerpt":"Que mercados e segmentos da economia est\u00e3o mais \"amea\u00e7ados\" pela potencial chegada de inova\u00e7\u00f5es disruptivas? Quais ramos de neg\u00f3cios devem ser mudados radicalmente nos pr\u00f3ximos anos por conta dessas inova\u00e7\u00f5es? Todos mercados est\u00e3o amea\u00e7ados. Estou avaliando um produto de uma startup americana que promete exames de sangue por US$1 atrav\u00e9s\u2026","rel":"","context":"Em &quot;Artigos&quot;","block_context":{"text":"Artigos","link":"https:\/\/efagundes.com\/artigos\/category\/artigos\/"},"img":{"alt_text":"","src":"","width":0,"height":0},"classes":[]},{"id":361,"url":"https:\/\/efagundes.com\/artigos\/indicadores-de-eficiencia-energetica-e-sustentabilidade-de-data-centers\/","url_meta":{"origin":1244,"position":5},"title":"Indicadores de efici\u00eancia energ\u00e9tica e sustentabilidade de data centers","author":"Eduardo Fagundes","date":"16 de abril de 2014","format":false,"excerpt":"Os data centers assumem uma import\u00e2ncia cada vez maior nas opera\u00e7\u00f5es de neg\u00f3cios. Com o crescimento cada vez maior da demanda por processamento para atender as aplica\u00e7\u00f5es pessoais (redes sociais, aplicativos m\u00f3veis, jogo online, etc.) e de neg\u00f3cios (transa\u00e7\u00f5es comerciais entre empresas, B2B, log\u00edstica, ERP, etc.) os custos com energia\u2026","rel":"","context":"Em &quot;Artigos&quot;","block_context":{"text":"Artigos","link":"https:\/\/efagundes.com\/artigos\/category\/artigos\/"},"img":{"alt_text":"","src":"","width":0,"height":0},"classes":[]}],"jetpack_sharing_enabled":true,"_links":{"self":[{"href":"https:\/\/efagundes.com\/artigos\/wp-json\/wp\/v2\/posts\/1244","targetHints":{"allow":["GET"]}}],"collection":[{"href":"https:\/\/efagundes.com\/artigos\/wp-json\/wp\/v2\/posts"}],"about":[{"href":"https:\/\/efagundes.com\/artigos\/wp-json\/wp\/v2\/types\/post"}],"author":[{"embeddable":true,"href":"https:\/\/efagundes.com\/artigos\/wp-json\/wp\/v2\/users\/1"}],"replies":[{"embeddable":true,"href":"https:\/\/efagundes.com\/artigos\/wp-json\/wp\/v2\/comments?post=1244"}],"version-history":[{"count":0,"href":"https:\/\/efagundes.com\/artigos\/wp-json\/wp\/v2\/posts\/1244\/revisions"}],"wp:attachment":[{"href":"https:\/\/efagundes.com\/artigos\/wp-json\/wp\/v2\/media?parent=1244"}],"wp:term":[{"taxonomy":"category","embeddable":true,"href":"https:\/\/efagundes.com\/artigos\/wp-json\/wp\/v2\/categories?post=1244"},{"taxonomy":"post_tag","embeddable":true,"href":"https:\/\/efagundes.com\/artigos\/wp-json\/wp\/v2\/tags?post=1244"}],"curies":[{"name":"wp","href":"https:\/\/api.w.org\/{rel}","templated":true}]}}