{"id":135,"date":"2013-05-26T12:25:00","date_gmt":"2013-05-26T15:25:00","guid":{"rendered":"http:\/\/efagundes.com\/itgov\/?p=135"},"modified":"2016-09-03T07:42:18","modified_gmt":"2016-09-03T10:42:18","slug":"beneficios-da-virtualizacao-do-io","status":"publish","type":"post","link":"https:\/\/efagundes.com\/artigos\/beneficios-da-virtualizacao-do-io\/","title":{"rendered":"Benef\u00edcios da Virtualiza\u00e7\u00e3o do I\/O"},"content":{"rendered":"<p>Um dos maiores desafios dos data centers \u00e9 maximizar o uso de sua infraestrutura para reduzir custos. Isso inclui a redu\u00e7\u00e3o do alto consumo de energia, que reflete diretamente no PUE (Power Usage Effectiveness), par\u00e2metro que mede o uso eficiente de energia. Uma situa\u00e7\u00e3o t\u00edpica nos data centers \u00e9 o uso desbalanceado de seus sistemas de disco. Normalmente, um sistema de armazenado (<i>storage<\/i>) est\u00e1 associado a um ou mais servidores de aplica\u00e7\u00e3o, ligados atrav\u00e9s de conex\u00f5es f\u00edsicas. Isso torna ineficiente a utiliza\u00e7\u00e3o da capacidade de armazenamento dos discos. Veja a figura abaixo que mostra a utiliza\u00e7\u00e3o do espa\u00e7o em disco de grandes data centers da Europa e Estados Unidos. Notem que a m\u00e9dia de utiliza\u00e7\u00e3o \u00e9 de 36%, por\u00e9m existe um desbalanceamento de utiliza\u00e7\u00e3o.<\/p>\n<p><a href=\"http:\/\/efagundes.com\/artigos\/wp-content\/uploads\/sites\/2\/2013\/05\/figura-utilizacao-de-espaco-em-disco-io-virtualization.png\"><img loading=\"lazy\" decoding=\"async\" class=\"alignnone size-full wp-image-1961\" src=\"http:\/\/efagundes.com\/artigos\/wp-content\/uploads\/sites\/2\/2013\/05\/figura-utilizacao-de-espaco-em-disco-io-virtualization.png\" alt=\"figura-utilizacao-de-espaco-em-disco-io-virtualization\" width=\"577\" height=\"311\" srcset=\"https:\/\/efagundes.com\/artigos\/wp-content\/uploads\/sites\/2\/2013\/05\/figura-utilizacao-de-espaco-em-disco-io-virtualization.png 577w, https:\/\/efagundes.com\/artigos\/wp-content\/uploads\/sites\/2\/2013\/05\/figura-utilizacao-de-espaco-em-disco-io-virtualization-300x162.png 300w\" sizes=\"auto, (max-width: 577px) 100vw, 577px\" \/><\/a><\/p>\n<p>Uma solu\u00e7\u00e3o para simplificar o gerenciamento, reduzir os custos e melhorar o desempenho \u00e9 fazer a virtualiza\u00e7\u00e3o do I\/O (input\/output) do ambiente criando em camadas superiores protocolos de alto n\u00edvel para abstrair as camadas das conex\u00f5es f\u00edsicas. Em outras palavras, os servidores de aplica\u00e7\u00e3o passam a utilizar um protocolo \u00fanico e virtual de I\/O, independente do sistema de armazenamento, permitindo que os arquivos possam ser alocados em diferentes volumes de disco maximizando o uso de todos os discos da instala\u00e7\u00e3o.<\/p>\n<p>A tecnologia de virtualiza\u00e7\u00e3o do I\/O permite que os adaptadores f\u00edsicos apare\u00e7am como adaptadores virtuais vNICs (virtual network interface card) e vHBAs (virtual host bus adapters). Adaptadores virtuais s\u00e3o desenhados para serem compat\u00edveis com sistemas operacionais, <i>hypervisors<\/i> e aplica\u00e7\u00f5es. Para os sistemas de comunica\u00e7\u00e3o eles aparecem como cart\u00f5es de interfaces normais.<\/p>\n<p>Na vis\u00e3o do ambiente f\u00edsico, a virtualiza\u00e7\u00e3o do I\/O substitui as v\u00e1rias conex\u00f5es de I\/O f\u00edsicas por um \u00fanico cabo que permite o transporte compartilhado de dados para todas as redes e sistemas de armazenado.<\/p>\n<p>Os principais benef\u00edcios s\u00e3o:<\/p>\n<ul>\n<li>Agilidade no gerenciamento dos recursos de armazenamento de disco e conex\u00f5es de rede (NIC e HBA);<\/li>\n<li>Redu\u00e7\u00e3o de custos, com o melhor aproveitamento do sistema de armazenado e redu\u00e7\u00e3o da complexidade de conex\u00f5es f\u00edsicas;<\/li>\n<li>Redu\u00e7\u00e3o do n\u00famero de cabos e cart\u00f5es de interfaces de I\/O;<\/li>\n<li>Aumento da densidade de processamento, permitindo instalar mais servidores em um rack.<\/li>\n<\/ul>\n<p>A principio essa solu\u00e7\u00e3o se aplica a qualquer data center, por\u00e9m deve se avaliar as caracter\u00edsticas de cada aplica\u00e7\u00e3o. Uma aplica\u00e7\u00e3o de miss\u00e3o cr\u00edtica, talvez continue a justificar o uso de conex\u00f5es f\u00edsicas e sistemas de armazenamento dedicados para garantir o desempenho.<\/p>\n","protected":false},"excerpt":{"rendered":"<p>Um dos maiores desafios dos data centers \u00e9 maximizar o uso de sua infraestrutura para reduzir custos. Isso inclui a redu\u00e7\u00e3o do alto consumo de energia, que reflete diretamente no PUE (Power Usage Effectiveness), par\u00e2metro que mede o uso eficiente de energia. Uma situa\u00e7\u00e3o t\u00edpica nos data centers \u00e9 o uso desbalanceado de seus sistemas [&hellip;]<\/p>\n","protected":false},"author":1,"featured_media":0,"comment_status":"open","ping_status":"closed","sticky":false,"template":"","format":"standard","meta":{"jetpack_post_was_ever_published":false,"_jetpack_newsletter_access":"","_jetpack_dont_email_post_to_subs":false,"_jetpack_newsletter_tier_id":0,"_jetpack_memberships_contains_paywalled_content":false,"_jetpack_memberships_contains_paid_content":false,"footnotes":""},"categories":[352,3,10],"tags":[283,300],"class_list":["post-135","post","type-post","status-publish","format-standard","hentry","category-artigos","category-blog","category-itgov_online","tag-storage-virtualization","tag-virtualizacao"],"jetpack_featured_media_url":"","jetpack_shortlink":"https:\/\/wp.me\/p8yInB-2b","jetpack-related-posts":[{"id":255,"url":"https:\/\/efagundes.com\/artigos\/tecnologias-disruptivas-para-data-centers\/","url_meta":{"origin":135,"position":0},"title":"Tecnologias Disruptivas para Data Centers","author":"Eduardo Fagundes","date":"22 de outubro de 2013","format":false,"excerpt":"O armazenamento com tecnologia flash, resili\u00eancia na nuvem e pr\u00e1ticas de gest\u00e3o avan\u00e7adas da infraestrutura de data centers (DCIM) s\u00e3o as tr\u00eas tecnologias que est\u00e3o no radar dos fornecedores e operadores. A gera\u00e7\u00e3o de energia limpa no local continua no radar, principalmente agora que os servidores do muito-baixo consumo de\u2026","rel":"","context":"Em &quot;Artigos&quot;","block_context":{"text":"Artigos","link":"https:\/\/efagundes.com\/artigos\/category\/artigos\/"},"img":{"alt_text":"tabela-de-disponibilidade-de-data-centers","src":"https:\/\/i0.wp.com\/efagundes.com\/artigos\/wp-content\/uploads\/sites\/2\/2013\/10\/tabela-de-disponibilidade-de-data-centers.png?resize=350%2C200","width":350,"height":200},"classes":[]},{"id":221,"url":"https:\/\/efagundes.com\/artigos\/a-dura-tarefa-para-definir-a-estrategia-para-data-centers\/","url_meta":{"origin":135,"position":1},"title":"A dura tarefa de definir a estrat\u00e9gia para data centers","author":"Eduardo Fagundes","date":"13 de outubro de 2013","format":false,"excerpt":"A defini\u00e7\u00e3o estrat\u00e9gica para data centers \u00e9 um grande desafio para as organiza\u00e7\u00f5es. O crescimento da demanda de aplica\u00e7\u00f5es para apoiar as unidades de neg\u00f3cios exige o aumento da infraestrutura dos data centers. Esse desafio gera fortes press\u00f5es internas por redu\u00e7\u00e3o de custos. \u00c9 fundamental alinhar os requerimentos dos data\u2026","rel":"","context":"Em &quot;Artigos&quot;","block_context":{"text":"Artigos","link":"https:\/\/efagundes.com\/artigos\/category\/artigos\/"},"img":{"alt_text":"","src":"","width":0,"height":0},"classes":[]},{"id":550,"url":"https:\/\/efagundes.com\/artigos\/negocios-lucrativos-de-ti-para-reduzir-as-emissoes-de-co2\/","url_meta":{"origin":135,"position":2},"title":"Neg\u00f3cios lucrativos de TI para reduzir as emiss\u00f5es de CO2","author":"Eduardo Fagundes","date":"13 de novembro de 2014","format":false,"excerpt":"A expectativa \u00e9 de redu\u00e7\u00e3o das emiss\u00f5es de TI (dispositivos de usu\u00e1rios, telecomunica\u00e7\u00f5es e data centers) entre 2011 e 2020 em 2,3%, comparado com o aumento de 6,1% entre 2002 e 2011. Os principais motivos s\u00e3o a maior efici\u00eancia energ\u00e9tica dos equipamentos e a substitui\u00e7\u00e3o dos PCs por tablets. Em\u2026","rel":"","context":"Em &quot;Artigos&quot;","block_context":{"text":"Artigos","link":"https:\/\/efagundes.com\/artigos\/category\/artigos\/"},"img":{"alt_text":"","src":"","width":0,"height":0},"classes":[]},{"id":341,"url":"https:\/\/efagundes.com\/artigos\/o-desafio-da-energia-para-os-data-center-e-o-compromisso-com-a-sustentabilidade\/","url_meta":{"origin":135,"position":3},"title":"O desafio da energia para os data centers e o compromisso com a sustentabilidade","author":"Eduardo Fagundes","date":"3 de abril de 2014","format":false,"excerpt":"Em abril de 2014, o Greenpeace liberou um novo relat\u00f3rio sobre o uso de energia renov\u00e1vel pelos maiores data centers globais. Esse relat\u00f3rio apresenta um ranking dos data centers mais comprometidos com o uso de energia renov\u00e1vel com o objetivo de mitigar a emiss\u00e3o de gases do efeito estufa. O\u2026","rel":"","context":"Em &quot;Artigos&quot;","block_context":{"text":"Artigos","link":"https:\/\/efagundes.com\/artigos\/category\/artigos\/"},"img":{"alt_text":"figura-clean-data-center-greenpeace-april-2014","src":"https:\/\/i0.wp.com\/efagundes.com\/artigos\/wp-content\/uploads\/sites\/2\/2014\/04\/figura-clean-data-center-greenpeace-april-2014.png?resize=350%2C200","width":350,"height":200,"srcset":"https:\/\/i0.wp.com\/efagundes.com\/artigos\/wp-content\/uploads\/sites\/2\/2014\/04\/figura-clean-data-center-greenpeace-april-2014.png?resize=350%2C200 1x, https:\/\/i0.wp.com\/efagundes.com\/artigos\/wp-content\/uploads\/sites\/2\/2014\/04\/figura-clean-data-center-greenpeace-april-2014.png?resize=525%2C300 1.5x, https:\/\/i0.wp.com\/efagundes.com\/artigos\/wp-content\/uploads\/sites\/2\/2014\/04\/figura-clean-data-center-greenpeace-april-2014.png?resize=700%2C400 2x"},"classes":[]},{"id":617,"url":"https:\/\/efagundes.com\/artigos\/data-centers-modulares\/","url_meta":{"origin":135,"position":4},"title":"Data Centers Modulares","author":"Eduardo Fagundes","date":"17 de dezembro de 2014","format":false,"excerpt":"Um dos desafios dos CIOs \u00e9 alinhar a capacidade de processamento com as necessidades de neg\u00f3cios. No passado, o planejamento de capacidade dos data centers era definido pelo hist\u00f3rico de crescimento e pelos novos sistemas planejados. Atualmente, a din\u00e2mica dos neg\u00f3cios exige novas estrat\u00e9gias para assegurar os recursos e disponibilidade\u2026","rel":"","context":"Em &quot;Artigos&quot;","block_context":{"text":"Artigos","link":"https:\/\/efagundes.com\/artigos\/category\/artigos\/"},"img":{"alt_text":"","src":"","width":0,"height":0},"classes":[]},{"id":403,"url":"https:\/\/efagundes.com\/artigos\/dcim-data-center-infrastructure-management\/","url_meta":{"origin":135,"position":5},"title":"DCIM \u2013 Data Center Infrastructure Management","author":"Eduardo Fagundes","date":"25 de julho de 2014","format":false,"excerpt":"Os data centers modernos de alta disponibilidade enfrentam o desafio da desconex\u00e3o entre a infraestrutura predial e a infraestrutura de TI. Estes desafios se tornam mais cr\u00edticos com a virtualiza\u00e7\u00e3o de servidores e armazenamento de dados que cria um ambiente din\u00e2mico dentro de um ambiente est\u00e1tico, onde as r\u00e1pidas mudan\u00e7as\u2026","rel":"","context":"Em &quot;Artigos&quot;","block_context":{"text":"Artigos","link":"https:\/\/efagundes.com\/artigos\/category\/artigos\/"},"img":{"alt_text":"","src":"","width":0,"height":0},"classes":[]}],"jetpack_sharing_enabled":true,"_links":{"self":[{"href":"https:\/\/efagundes.com\/artigos\/wp-json\/wp\/v2\/posts\/135","targetHints":{"allow":["GET"]}}],"collection":[{"href":"https:\/\/efagundes.com\/artigos\/wp-json\/wp\/v2\/posts"}],"about":[{"href":"https:\/\/efagundes.com\/artigos\/wp-json\/wp\/v2\/types\/post"}],"author":[{"embeddable":true,"href":"https:\/\/efagundes.com\/artigos\/wp-json\/wp\/v2\/users\/1"}],"replies":[{"embeddable":true,"href":"https:\/\/efagundes.com\/artigos\/wp-json\/wp\/v2\/comments?post=135"}],"version-history":[{"count":0,"href":"https:\/\/efagundes.com\/artigos\/wp-json\/wp\/v2\/posts\/135\/revisions"}],"wp:attachment":[{"href":"https:\/\/efagundes.com\/artigos\/wp-json\/wp\/v2\/media?parent=135"}],"wp:term":[{"taxonomy":"category","embeddable":true,"href":"https:\/\/efagundes.com\/artigos\/wp-json\/wp\/v2\/categories?post=135"},{"taxonomy":"post_tag","embeddable":true,"href":"https:\/\/efagundes.com\/artigos\/wp-json\/wp\/v2\/tags?post=135"}],"curies":[{"name":"wp","href":"https:\/\/api.w.org\/{rel}","templated":true}]}}