{"id":1979,"date":"2015-04-19T11:59:38","date_gmt":"2015-04-19T14:59:38","guid":{"rendered":"http:\/\/efagundes.com\/artigos\/?p=1979"},"modified":"2020-12-13T12:34:09","modified_gmt":"2020-12-13T15:34:09","slug":"a-grande-responsabilidade-da-media-gerencia-na-transformacao-das-empresas","status":"publish","type":"post","link":"https:\/\/efagundes.com\/artigos\/a-grande-responsabilidade-da-media-gerencia-na-transformacao-das-empresas\/","title":{"rendered":"A grande responsabilidade da m\u00e9dia ger\u00eancia na transforma\u00e7\u00e3o das empresas"},"content":{"rendered":"\n<p>Nas empresas tradicionais convivem pelo menos tr\u00eas gera\u00e7\u00f5es de profissionais. Os gerentes seniores, a m\u00e9dia ger\u00eancia e os funcionais. A alta ger\u00eancia, diretores e gerentes seniores, representam certa de 20% nas organiza\u00e7\u00f5es, onde 8% s\u00e3o presidentes e diretores, s\u00e3o profissionais mais experientes nascidos entre as d\u00e9cadas de 60, 70 e in\u00edcio dos anos 80. A m\u00e9dia ger\u00eancia, coordenadores e chefias, representam aproximadamente 16% nas organiza\u00e7\u00f5es, s\u00e3o profissionais nascidos a partir dos anos 80 que se destacaram por suas habilidades de gest\u00e3o. Os funcionais representam aproximadamente 64% nas organiza\u00e7\u00f5es, s\u00e3o profissionais de v\u00e1rias faixas et\u00e1rias que por op\u00e7\u00e3o ou perfil se mantiveram em fun\u00e7\u00f5es operacionais. Esses dados foram compilados de algumas pesquisas de relat\u00f3rios de RH.<\/p>\n\n\n\n<p>A alta ger\u00eancia \u00e9 comprometida e alinhada com a cultura organizacional e define os padr\u00f5es de conduta da empresa. Relacionam-se com a m\u00e9dia ger\u00eancia compartilhando as estrat\u00e9gias e aprovando projetos em linha com os objetivos empresariais. Dependem da m\u00e9dia ger\u00eancia para concretizar suas vis\u00f5es e estrat\u00e9gias.<\/p>\n\n\n\n<p>Na alta ger\u00eancia ainda predomina profissionais masculinos, cerca de 80%, onde 70% s\u00e3o brancos e 30% negros e de outras ra\u00e7as. No contexto geral, em 2013, 74% dos brancos tinham rendimentos superiores aos negros e pardos. Felizmente, na m\u00e9dia ger\u00eancia e funcionais a distribui\u00e7\u00e3o entre mulheres e homens \u00e9 mais homog\u00eanea.<\/p>\n\n\n\n<p>A m\u00e9dia ger\u00eancia traduz em a\u00e7\u00f5es e resultados as estrat\u00e9gias empresariais atrav\u00e9s da distribui\u00e7\u00e3o de tarefas e instru\u00e7\u00f5es de trabalho (processos) para os profissionais de cargos funcionais. Eles s\u00e3o a interface entre a alta ger\u00eancia e os funcionais, assumindo um papel fundamental na transforma\u00e7\u00e3o das organiza\u00e7\u00f5es.<\/p>\n\n\n\n<p>\u00c9 a m\u00e9dia ger\u00eancia que sente mais de perto os conflitos de gera\u00e7\u00f5es, tento que entender e harmonizar as expectativas dos profissionais mais experientes e mais jovens.<\/p>\n\n\n\n<p>De um lado, devem atender ao conservadorismo e estrutura hier\u00e1rquica exigida pela alta ger\u00eancia e o \u00edmpeto e irrever\u00eancia dos mais jovens, caracter\u00edstica das novas gera\u00e7\u00f5es.<\/p>\n\n\n\n<p>A m\u00e9dia ger\u00eancia recebe <em>coaching<\/em> e \u00e9 avaliada pela alta ger\u00eancia e avalia seus subordinados funcionais. S\u00e3o cobrados por inova\u00e7\u00e3o e desempenho, por\u00e9m dentro de par\u00e2metros aceitos como verdadeiros pela alta ger\u00eancia. Entretanto, precisam inspirar e conseguir engajamento de seus subordinados que possuem outras refer\u00eancias sobre trabalho e expectativas de qualidade de vida.<\/p>\n\n\n\n<p>Diante desse cen\u00e1rio, a influ\u00eancia e desempenho das organiza\u00e7\u00f5es dependem da atua\u00e7\u00e3o e habilidade da m\u00e9dia ger\u00eancia em fazer a gest\u00e3o de conflitos dentro da organiza\u00e7\u00e3o. Ou seja, ter\u00e3o sucesso as empresas que melhor administrar os profissionais de m\u00e9dia ger\u00eancia.<\/p>\n\n\n\n<p>Sua empresa faz isso?<\/p>\n","protected":false},"excerpt":{"rendered":"<p>Nas empresas tradicionais convivem pelo menos tr\u00eas gera\u00e7\u00f5es de profissionais. Os gerentes seniores, a m\u00e9dia ger\u00eancia e os funcionais. A alta ger\u00eancia, diretores e gerentes seniores, representam certa de 20% nas organiza\u00e7\u00f5es, onde 8% s\u00e3o presidentes e diretores, s\u00e3o profissionais mais experientes nascidos entre as d\u00e9cadas de 60, 70 e in\u00edcio dos anos 80. A [&hellip;]<\/p>\n","protected":false},"author":1,"featured_media":0,"comment_status":"open","ping_status":"open","sticky":false,"template":"","format":"standard","meta":{"jetpack_post_was_ever_published":false,"_jetpack_newsletter_access":"","_jetpack_dont_email_post_to_subs":false,"_jetpack_newsletter_tier_id":0,"_jetpack_memberships_contains_paywalled_content":false,"_jetpack_memberships_contains_paid_content":false,"footnotes":""},"categories":[352,3,8,9],"tags":[316,315],"class_list":["post-1979","post","type-post","status-publish","format-standard","hentry","category-artigos","category-blog","category-eficiencia-executiva","category-inovacao","tag-conflito-de-geracoes","tag-media-gerencia"],"jetpack_featured_media_url":"","jetpack_shortlink":"https:\/\/wp.me\/p8yInB-vV","jetpack-related-posts":[{"id":322,"url":"https:\/\/efagundes.com\/artigos\/porque-voce-compraria-um-chromebook-2\/","url_meta":{"origin":1979,"position":0},"title":"Porque voc\u00ea compraria um Chromebook?","author":"Eduardo Fagundes","date":"5 de mar\u00e7o de 2014","format":false,"excerpt":"O Chromebook \u00e9 uma classe de equipamento m\u00f3vel desenhado especificamente para tarefas baseadas na Web. Os equipamentos usam o Google Chrome OS e permitem acesso r\u00e1pido a Internet, envio e recebimento de e-mails e v\u00eddeo chats com outras pessoas. Como as aplica\u00e7\u00f5es est\u00e3o na Web \u00e9 necess\u00e1rio uma conex\u00e3o r\u00e1pida\u2026","rel":"","context":"Em &quot;Artigos&quot;","block_context":{"text":"Artigos","link":"https:\/\/efagundes.com\/artigos\/category\/artigos\/"},"img":{"alt_text":"","src":"","width":0,"height":0},"classes":[]},{"id":2025,"url":"https:\/\/efagundes.com\/artigos\/o-declinio-do-atual-modelo-de-contact-center-e-as-novas-especializacoes-no-relacionamento-com-os-clientes\/","url_meta":{"origin":1979,"position":1},"title":"O decl\u00ednio do atual modelo de Contact Center e as novas especializa\u00e7\u00f5es no relacionamento com os clientes","author":"Eduardo Fagundes","date":"5 de junho de 2015","format":false,"excerpt":"A mudan\u00e7a de comportamento dos consumidores e o avan\u00e7o da tecnologia destruir\u00e1 o atual modelo de Contact Center. Os consumidores da gera\u00e7\u00e3o Z, nascidos a partir da d\u00e9cada de 90 e na totalmente envolvidos com a Internet e redes sociais, substitu\u00edram a comunica\u00e7\u00e3o de voz un\u00edvoca pela comunica\u00e7\u00e3o de dados\u2026","rel":"","context":"Em &quot;Artigos&quot;","block_context":{"text":"Artigos","link":"https:\/\/efagundes.com\/artigos\/category\/artigos\/"},"img":{"alt_text":"","src":"","width":0,"height":0},"classes":[]},{"id":2402,"url":"https:\/\/efagundes.com\/artigos\/metodologia-5s-e-gestao-de-tic\/","url_meta":{"origin":1979,"position":2},"title":"A Metodologia 5S e a Gest\u00e3o de TIC","author":"Eduardo Fagundes","date":"24 de julho de 2017","format":false,"excerpt":"A metodologia 5s \u00e9 utilizada para melhorar a produtividade das pessoas e organiza\u00e7\u00f5es. Foca na redu\u00e7\u00e3o do tempo de acesso as coisas necess\u00e1rias para o trabalho, na redu\u00e7\u00e3o de despesas com materiais e equipamentos, na melhoria de qualidade de produtos e servi\u00e7os e na satisfa\u00e7\u00e3o das pessoas com o trabalho.\u2026","rel":"","context":"Em &quot;Blog&quot;","block_context":{"text":"Blog","link":"https:\/\/efagundes.com\/artigos\/category\/blog\/"},"img":{"alt_text":"Metodologia 5S","src":"https:\/\/i0.wp.com\/efagundes.com\/artigos\/wp-content\/uploads\/sites\/2\/2017\/07\/metdologia-5s.jpg?resize=350%2C200&ssl=1","width":350,"height":200},"classes":[]},{"id":2047,"url":"https:\/\/efagundes.com\/artigos\/a-qual-grupo-de-negocios-voce-pertence\/","url_meta":{"origin":1979,"position":3},"title":"A qual grupo de neg\u00f3cios voc\u00ea pertence?","author":"Eduardo Fagundes","date":"16 de agosto de 2015","format":false,"excerpt":"O mundo \u00e9 plano, mas os neg\u00f3cios reais s\u00e3o locais. A globaliza\u00e7\u00e3o impulsionada pela Internet permite que pessoas e empresas fa\u00e7am neg\u00f3cios em qualquer lugar do mundo com facilidade. A simples ideia do cont\u00eainer no transporte mar\u00edtimo reduziu os custos e facilitou a movimenta\u00e7\u00e3o de cargas. Entretanto, poucas pessoas e\u2026","rel":"","context":"Em &quot;Artigos&quot;","block_context":{"text":"Artigos","link":"https:\/\/efagundes.com\/artigos\/category\/artigos\/"},"img":{"alt_text":"","src":"","width":0,"height":0},"classes":[]},{"id":2022,"url":"https:\/\/efagundes.com\/artigos\/a-crise-e-a-ti-como-reduzir-40-50-das-despesas-de-ti\/","url_meta":{"origin":1979,"position":4},"title":"A crise e a TI. Como reduzir 40-50% das despesas de TI?","author":"Eduardo Fagundes","date":"31 de maio de 2015","format":false,"excerpt":"Especialistas afirmam que nossa economia demorar\u00e1 a se recuperar e teremos baixo crescimento nos pr\u00f3ximos anos. Os subs\u00eddios do governo secaram. As taxas de juros est\u00e3o nas alturas e a economia dos gastos p\u00fablicos est\u00e1 sendo transferida para quem tem t\u00edtulos da d\u00edvida p\u00fablica. O desemprego aumentar\u00e1 e a renda\u2026","rel":"","context":"Em &quot;Artigos&quot;","block_context":{"text":"Artigos","link":"https:\/\/efagundes.com\/artigos\/category\/artigos\/"},"img":{"alt_text":"","src":"","width":0,"height":0},"classes":[]},{"id":1976,"url":"https:\/\/efagundes.com\/artigos\/falta-dinheiro-ou-falta-habilidade-dos-gestores-de-ti-para-implantar-novas-tecnologias\/","url_meta":{"origin":1979,"position":5},"title":"Falta dinheiro ou falta habilidade dos gestores de TI para implantar novas tecnologias?","author":"Eduardo Fagundes","date":"16 de abril de 2015","format":false,"excerpt":"Uma pesquisa com 100 profissionais de TI realizada pela SolarWinds em novembro de 2013 no Brasil, mostrou que 61% dos entrevistados apontam as restri\u00e7\u00f5es or\u00e7ament\u00e1rias como o principal obst\u00e1culo para a implanta\u00e7\u00e3o de novas tecnologias nas empresas, seguido pela incapacidade para provar o ROI (48%) e a falta de profissionais\u2026","rel":"","context":"Em &quot;Artigos&quot;","block_context":{"text":"Artigos","link":"https:\/\/efagundes.com\/artigos\/category\/artigos\/"},"img":{"alt_text":"","src":"","width":0,"height":0},"classes":[]}],"jetpack_sharing_enabled":true,"_links":{"self":[{"href":"https:\/\/efagundes.com\/artigos\/wp-json\/wp\/v2\/posts\/1979","targetHints":{"allow":["GET"]}}],"collection":[{"href":"https:\/\/efagundes.com\/artigos\/wp-json\/wp\/v2\/posts"}],"about":[{"href":"https:\/\/efagundes.com\/artigos\/wp-json\/wp\/v2\/types\/post"}],"author":[{"embeddable":true,"href":"https:\/\/efagundes.com\/artigos\/wp-json\/wp\/v2\/users\/1"}],"replies":[{"embeddable":true,"href":"https:\/\/efagundes.com\/artigos\/wp-json\/wp\/v2\/comments?post=1979"}],"version-history":[{"count":0,"href":"https:\/\/efagundes.com\/artigos\/wp-json\/wp\/v2\/posts\/1979\/revisions"}],"wp:attachment":[{"href":"https:\/\/efagundes.com\/artigos\/wp-json\/wp\/v2\/media?parent=1979"}],"wp:term":[{"taxonomy":"category","embeddable":true,"href":"https:\/\/efagundes.com\/artigos\/wp-json\/wp\/v2\/categories?post=1979"},{"taxonomy":"post_tag","embeddable":true,"href":"https:\/\/efagundes.com\/artigos\/wp-json\/wp\/v2\/tags?post=1979"}],"curies":[{"name":"wp","href":"https:\/\/api.w.org\/{rel}","templated":true}]}}