{"id":2035,"date":"2015-07-18T19:38:58","date_gmt":"2015-07-18T22:38:58","guid":{"rendered":"http:\/\/efagundes.com\/artigos\/?p=2035"},"modified":"2020-12-13T12:30:09","modified_gmt":"2020-12-13T15:30:09","slug":"o-desafio-das-empresas-cidades-e-campo-nas-proximas-decadas","status":"publish","type":"post","link":"https:\/\/efagundes.com\/artigos\/o-desafio-das-empresas-cidades-e-campo-nas-proximas-decadas\/","title":{"rendered":"O desafio das empresas, cidades e campo nas pr\u00f3ximas d\u00e9cadas"},"content":{"rendered":"\n<p>Em 2008, atingimos a marca hist\u00f3rica de igualar o n\u00famero de habitantes nas cidades e no campo, mundialmente. Em 2050, estima-se que 7 entre 10 habitantes estar\u00e3o nas cidades, ou seja, \u00e9 esperado um crescimento de 3,6 bilh\u00f5es de pessoas atualmente que vivem nas cidades para mais de 6 bilh\u00f5es na metade do s\u00e9culo. Uma radical mudan\u00e7a em um s\u00e9culo, quando em 1953 t\u00ednhamos apenas 3 habitantes morando nas cidades.<\/p>\n\n\n\n<p>Essa mudan\u00e7a exigir\u00e1 maior produtividade no campo para a produ\u00e7\u00e3o de alimentos, com a introdu\u00e7\u00e3o de novas tecnologias agr\u00edcolas, mecaniza\u00e7\u00e3o extrema e alta tecnologia da informa\u00e7\u00e3o para apoiar a agricultura de precis\u00e3o. O desafio aumenta com as previs\u00f5es, nada otimistas, de mudan\u00e7as clim\u00e1ticas extremas. A imprevisibilidade do clima pode alterar o ciclo produtivo das regi\u00f5es que conhecemos hoje.<\/p>\n\n\n\n<p>As anomalias nas precipita\u00e7\u00f5es pluviom\u00e9tricas, menos queda de neve e o derretimento das geleiras agravar\u00e1 a escassez de \u00e1gua, prejudicar\u00e1 a agricultura e a gera\u00e7\u00e3o de energia das hidrel\u00e9tricas. O impacto nas pequenas centrais hidrel\u00e9tricas (PHC) pode ser significativo pela redu\u00e7\u00e3o do volume de \u00e1gua. Por\u00e9m, deve aumentar o tempo de radia\u00e7\u00e3o solar, favorecendo a gera\u00e7\u00e3o de energia fotovoltaica.<\/p>\n\n\n\n<p>Esses fatores exigem maior racionalidade no uso dos recursos naturais, trazendo mudan\u00e7as profundas no comportamento dos consumidores.<\/p>\n\n\n\n<p>Com o aumento da popula\u00e7\u00e3o e a expectativa de vida cada vez maior das pessoas apoiadas pelos avan\u00e7os da medicina, melhor alimenta\u00e7\u00e3o e condi\u00e7\u00f5es sanit\u00e1rias, produzir\u00e3o mudan\u00e7as na forma de trabalho e na economia. O trabalho fixo em empresas dever\u00e1 ser substitu\u00eddo por atividades executadas por freelancers, ou seja, uma pessoa trabalhar\u00e1 para v\u00e1rias empresas de forma pontual. Atualmente, 34% dos trabalhadores americanos s\u00e3o freelancers e estima-se que ser\u00e3o 40% em 2020.<\/p>\n\n\n\n<p>A alta produtividade de manufatura e pre\u00e7os baixos na \u00c1sia, principalmente na China, continuar\u00e1 a pressionar a ind\u00fastria em todo o mundo, exigindo maior produtividade e inova\u00e7\u00e3o.<\/p>\n\n\n\n<p>A exce\u00e7\u00e3o de pa\u00edses que tenham commodities, como petr\u00f3leo, g\u00e1s, min\u00e9rio e produtos agr\u00edcolas, os demais ter\u00e3o que encontrar alternativas no desenvolvimento de tecnologia e servi\u00e7os para gerar renda. O risco para quem produz apenas commodities \u00e9 a substitui\u00e7\u00e3o desses insumos por outros com novas descobertas tecnol\u00f3gicas, como novas t\u00e9cnicas para a extra\u00e7\u00e3o do g\u00e1s de xisto e novos materiais usando o grafeno.<\/p>\n\n\n\n<p>A progressiva substitui\u00e7\u00e3o da matriz energ\u00e9tica atual para uma matriz renov\u00e1vel com uso de usinas fotovoltaicas e e\u00f3licas devem reduzir as exporta\u00e7\u00f5es de petr\u00f3leo e g\u00e1s que sustentam algumas economias de pa\u00edses como a R\u00fassia, Ar\u00e1bia Saudita, Emirados \u00c1rabes, Venezuela e Bol\u00edvia. Como resposta ao decl\u00ednio das exporta\u00e7\u00f5es do petr\u00f3leo, principalmente devido a autossufici\u00eancia energ\u00e9tica americana com o g\u00e1s de xisto (shale gas), os maiores produtores reduziram o pre\u00e7o do barril do petr\u00f3leo em cerca de 50%, prejudicando a expans\u00e3o da produ\u00e7\u00e3o de energia com outras fontes. Entretanto, existe um limite para a manipula\u00e7\u00e3o de pre\u00e7os e, inevitavelmente, o petr\u00f3leo perder\u00e1 import\u00e2ncia na gera\u00e7\u00e3o de energia.<\/p>\n\n\n\n<p>Nesse cen\u00e1rio prospectivo, a educa\u00e7\u00e3o e o empreendedorismo s\u00e3o fundamentais para o crescimento da economia e melhoria da qualidade de vida das pessoas, tanto nas cidades como no campo.<\/p>\n\n\n\n<p>A vis\u00e3o estrat\u00e9gica de forma\u00e7\u00e3o de m\u00e3o de obra qualificada, principalmente de engenheiros e tecn\u00f3logos, \u00e9 de seguran\u00e7a nacional e n\u00e3o apenas para proteger as empresas da concorr\u00eancia nacional. N\u00e3o criar oportunidades de trabalho para os jovens cria um ex\u00e9rcito de reserva para seitas, drogas e armas. Um ex\u00e9rcito de reserva qualificado aumenta os riscos de ataques cibern\u00e9ticos e melhora a coordena\u00e7\u00e3o de movimentos terroristas e do crime organizado.<\/p>\n\n\n\n<p>Para estimular o crescimento econ\u00f4mico e gerar mais empregos \u00e9 necess\u00e1rio adotar um sistema de inova\u00e7\u00e3o moderno: com fluidez de capital, flexibilidade da reserva de trabalho, receptividade do governo aos neg\u00f3cios, tecnologias de informa\u00e7\u00e3o e comunica\u00e7\u00e3o, infraestrutura para o desenvolvimento do setor privado, sistemas legais para proteger os direitos de propriedade intelectual, capital cient\u00edfico e humano dispon\u00edveis, aptid\u00f5es mercadol\u00f3gicas e propens\u00e3o cultural para estimular a criatividade.<\/p>\n\n\n\n<p>A inova\u00e7\u00e3o abre oportunidades para a gera\u00e7\u00e3o e distribui\u00e7\u00e3o de energia el\u00e9trica, desenvolvimento de fontes de \u00e1gua pot\u00e1vel e a pr\u00f3xima gera\u00e7\u00e3o de tecnologia de Internet e de informa\u00e7\u00e3o, como Big Data, computa\u00e7\u00e3o cognitiva e Internet of Things. A ado\u00e7\u00e3o imediata dessas tecnologias deve fornecer consider\u00e1vel vantagem competitiva e econ\u00f4mica.<\/p>\n\n\n\n<p>Um desafio neste cen\u00e1rio prospectivo \u00e9 como deve ser a orquestra\u00e7\u00e3o das a\u00e7\u00f5es para tomadas de decis\u00e3o corretas, no tempo certo e na destina\u00e7\u00e3o de investimentos para garantir o desenvolvimento econ\u00f4mico e social dos pa\u00edses. Aparentemente, o \u201cCapitalismo de Estado\u201d \u00e9 o modelo que est\u00e1 que sendo adotado pelos pa\u00edses, principalmente, nos momentos de crise aguda da economia.<\/p>\n\n\n\n<p>O conceito de \u201cCapitalismo de Estado\u201d \u00e9 amplo e \u00e9 usado para descrever um sistema de gerenciamento econ\u00f4mico que confere papel proeminente ao Estado, independente do regime politico do pa\u00eds. Em regimes com democracia plena \u00e9 poss\u00edvel estabelecer um debate e apoio da sociedade para definir as diretrizes b\u00e1sicas. Em regimes mais fechados ou com baixa representatividade, as decis\u00f5es s\u00e3o centralizadas e a implanta\u00e7\u00e3o das a\u00e7\u00f5es pode n\u00e3o ser aceita pela popula\u00e7\u00e3o ou serem op\u00e7\u00f5es equivocadas n\u00e3o gerando resultados positivos, criando insatisfa\u00e7\u00e3o e conflitos sociais.<\/p>\n\n\n\n<p>Ainda dentro desse cen\u00e1rio prospectivo, abre oportunidades para a chamada \u201ceconomia do compartilhamento\u201d ou \u201cshared economy\u201d, onde os consumidores preferem alugar ou compartilhar recursos ao inv\u00e9s de compra-los. Essa tend\u00eancia traz um impacto significativo no regime capitalismo apoiado no consumo em massa.<\/p>\n\n\n\n<p>Entretanto, em um cen\u00e1rio de escassez de recursos, migra\u00e7\u00e3o maci\u00e7a de pessoas do campo para as cidades, imprevisibilidade das mudan\u00e7as clim\u00e1ticas e redu\u00e7\u00e3o da remunera\u00e7\u00e3o do trabalho, aparentemente, n\u00e3o existe outra op\u00e7\u00e3o a n\u00e3o ser o consumo compartilhado.<\/p>\n\n\n\n<p>Esse novo movimento traz profundas mudan\u00e7as na economia, nas cidades, no campo, nos governos, na legisla\u00e7\u00e3o trabalhista e nas estrat\u00e9gias das empresas tradicionais.<\/p>\n\n\n\n<p>Na economia, a produ\u00e7\u00e3o maci\u00e7a ser\u00e1 substitu\u00edda por valor agregado em intelig\u00eancia nos produtos para facilitar o compartilhamento. As empresas, definitivamente, precisam se reinventar para continuarem no mercado e n\u00e3o serem aniquiladas pelas novas empresas.<\/p>\n\n\n\n<p>As cidades dever\u00e3o implantar solu\u00e7\u00f5es inteligentes para fomentar a criatividade, oferecer grande capacidade de telecomunica\u00e7\u00f5es, servi\u00e7os p\u00fablicos digitais, pouca burocracia e apoio aos empreendedores e redirecionando investimentos para transporte p\u00fablico, incluindo ciclovias para estimular a atividade f\u00edsica e reduzir a emiss\u00e3o de gases do efeito estufa dos carros particulares.<\/p>\n\n\n\n<p>No campo, as a\u00e7\u00f5es p\u00fablicas e privadas devem fomentar programas educacionais para qualifica\u00e7\u00e3o da m\u00e3o de obra, desenvolvimento de tecnologia para o agroneg\u00f3cio, incluindo agricultura de precis\u00e3o com novas tecnologias como Big Data e Internet of Things.<\/p>\n\n\n\n<p>Os governos, se optarem pelo Capitalismo de Estado, devem criar mecanismos eficientes apoiados por tecnologia da informa\u00e7\u00e3o para interagir com a popula\u00e7\u00e3o e conseguir ades\u00e3o dos projetos de infraestrutura, sociais e econ\u00f4micos, incluindo a flexibiliza\u00e7\u00e3o da legisla\u00e7\u00e3o trabalhista.<\/p>\n\n\n\n<p>Resumindo, temos que nos preparar para as inevit\u00e1veis mudan\u00e7as nas pr\u00f3ximas d\u00e9cadas.<\/p>\n","protected":false},"excerpt":{"rendered":"<p>Em 2008, atingimos a marca hist\u00f3rica de igualar o n\u00famero de habitantes nas cidades e no campo, mundialmente. Em 2050, estima-se que 7 entre 10 habitantes estar\u00e3o nas cidades, ou seja, \u00e9 esperado um crescimento de 3,6 bilh\u00f5es de pessoas atualmente que vivem nas cidades para mais de 6 bilh\u00f5es na metade do s\u00e9culo. Uma [&hellip;]<\/p>\n","protected":false},"author":1,"featured_media":0,"comment_status":"open","ping_status":"open","sticky":false,"template":"","format":"standard","meta":{"jetpack_post_was_ever_published":false,"_jetpack_newsletter_access":"","_jetpack_dont_email_post_to_subs":false,"_jetpack_newsletter_tier_id":0,"_jetpack_memberships_contains_paywalled_content":false,"_jetpack_memberships_contains_paid_content":false,"footnotes":""},"categories":[352,2,3,7,13],"tags":[18,58,339],"class_list":["post-2035","post","type-post","status-publish","format-standard","hentry","category-artigos","category-big-data-2","category-blog","category-eficiencia-energetica-2","category-sustentabilidade","tag-agricultura-de-precisao","tag-cidades-inteligentes","tag-economia-compartilhada"],"jetpack_featured_media_url":"","jetpack_shortlink":"https:\/\/wp.me\/p8yInB-wP","jetpack-related-posts":[{"id":1255,"url":"https:\/\/efagundes.com\/artigos\/iot-big-data-e-agricultura-de-precisao\/","url_meta":{"origin":2035,"position":0},"title":"IoT, Big Data e Agricultura de Precis\u00e3o","author":"Eduardo Fagundes","date":"23 de janeiro de 2015","format":false,"excerpt":"A forte\u00a0estiagem que atinge as regi\u00f5es Sudeste e Centro-Sul era\u00a0prevista para daqui a 15 ou 20 anos. Com a acelera\u00e7\u00e3o do desmatamento da Amaz\u00f4nia, a falta de umidade e a fuma\u00e7a das queimadas impede a forma\u00e7\u00e3o de nuvens e chuvas nessas regi\u00f5es. A Amaz\u00f4nia e a Mata Atl\u00e2ntica s\u00e3o respons\u00e1veis\u2026","rel":"","context":"Em &quot;Artigos&quot;","block_context":{"text":"Artigos","link":"https:\/\/efagundes.com\/artigos\/category\/artigos\/"},"img":{"alt_text":"","src":"","width":0,"height":0},"classes":[]},{"id":1209,"url":"https:\/\/efagundes.com\/artigos\/as-cidades-inteligentes-exigem-novos-modelos-de-gestao-municipal\/","url_meta":{"origin":2035,"position":1},"title":"As cidades inteligentes exigem novos modelos de gest\u00e3o municipal","author":"Eduardo Fagundes","date":"15 de dezembro de 2014","format":false,"excerpt":"Um fen\u00f4meno global \u00e9 a baixa confian\u00e7a dos cidad\u00e3os com seus governos e as finan\u00e7as p\u00fablicas sob stress. \u00a0Isso resulta em um abismo entre as expectativas dos cidad\u00e3os e a capacidade dos governos de identificar e implementar programas para a popula\u00e7\u00e3o. Refor\u00e7o que o problema atinge v\u00e1rios pa\u00edses, incluindo os\u2026","rel":"","context":"Em &quot;Artigos&quot;","block_context":{"text":"Artigos","link":"https:\/\/efagundes.com\/artigos\/category\/artigos\/"},"img":{"alt_text":"","src":"","width":0,"height":0},"classes":[]},{"id":2022,"url":"https:\/\/efagundes.com\/artigos\/a-crise-e-a-ti-como-reduzir-40-50-das-despesas-de-ti\/","url_meta":{"origin":2035,"position":2},"title":"A crise e a TI. Como reduzir 40-50% das despesas de TI?","author":"Eduardo Fagundes","date":"31 de maio de 2015","format":false,"excerpt":"Especialistas afirmam que nossa economia demorar\u00e1 a se recuperar e teremos baixo crescimento nos pr\u00f3ximos anos. Os subs\u00eddios do governo secaram. As taxas de juros est\u00e3o nas alturas e a economia dos gastos p\u00fablicos est\u00e1 sendo transferida para quem tem t\u00edtulos da d\u00edvida p\u00fablica. O desemprego aumentar\u00e1 e a renda\u2026","rel":"","context":"Em &quot;Artigos&quot;","block_context":{"text":"Artigos","link":"https:\/\/efagundes.com\/artigos\/category\/artigos\/"},"img":{"alt_text":"","src":"","width":0,"height":0},"classes":[]},{"id":1263,"url":"https:\/\/efagundes.com\/artigos\/iot-big-data-analytics-e-os-servicos-de-saude\/","url_meta":{"origin":2035,"position":3},"title":"IoT, Big Data, Analytics e os Servi\u00e7os de Sa\u00fade","author":"Eduardo Fagundes","date":"27 de janeiro de 2015","format":false,"excerpt":"Como levar servi\u00e7os de sa\u00fade para mais de 9 bilh\u00f5es de habitantes em 2050? Como levar servi\u00e7os de sa\u00fade para regi\u00f5es remotas de baixa densidade populacional? Como diagnosticar doen\u00e7as em est\u00e1gios iniciais para salvar vidas e ao mesmo tempo reduzir os custos dos servi\u00e7os de sa\u00fade? Esses desafios s\u00f3 poder\u00e3o\u2026","rel":"","context":"Em &quot;Artigos&quot;","block_context":{"text":"Artigos","link":"https:\/\/efagundes.com\/artigos\/category\/artigos\/"},"img":{"alt_text":"","src":"","width":0,"height":0},"classes":[]},{"id":2061,"url":"https:\/\/efagundes.com\/artigos\/a-saida-do-brasil-e-pelo-pacifico\/","url_meta":{"origin":2035,"position":4},"title":"A sa\u00edda do Brasil \u00e9 pelo Pac\u00edfico","author":"Eduardo Fagundes","date":"2 de novembro de 2015","format":false,"excerpt":"Uma boa parte dos pa\u00edses banhados pelo oceano Atl\u00e2ntico Sul est\u00e1 enfrentando dificuldades econ\u00f4micas e sociais. Podemos citar o Brasil, Venezuela, Argentina e Angola na \u00c1frica. Por outro lado, os pa\u00edses banhados pelo oceano Pac\u00edfico est\u00e3o prosperando, como os Estados Unidos, M\u00e9xico, Jap\u00e3o e os nossos vizinhos Chile, Peru e\u2026","rel":"","context":"Em &quot;Artigos&quot;","block_context":{"text":"Artigos","link":"https:\/\/efagundes.com\/artigos\/category\/artigos\/"},"img":{"alt_text":"","src":"","width":0,"height":0},"classes":[]},{"id":2283,"url":"https:\/\/efagundes.com\/artigos\/o-desafio-para-superar-a-geracao-devagar-para-aumentar-a-competitividade\/","url_meta":{"origin":2035,"position":5},"title":"O desafio para superar a gera\u00e7\u00e3o \u201cdevagar\u201d para aumentar a competitividade","author":"Eduardo Fagundes","date":"2 de outubro de 2016","format":false,"excerpt":"Em uma entrevista, Roberto D\u2019Avila perguntou a Bibi Ferreira (94) qual a diferen\u00e7a do mundo na sua juventude e agora, ela respondeu que no passado o mundo era mais \u201cdevagar\u201d. Ao que parece nossas institui\u00e7\u00f5es p\u00fablicas, algumas alas da sociedade e empresas ainda vivem no passado, se movimentando lentamente. O\u2026","rel":"","context":"Em &quot;Artigos&quot;","block_context":{"text":"Artigos","link":"https:\/\/efagundes.com\/artigos\/category\/artigos\/"},"img":{"alt_text":"infografico-competitividade-mundial-do-brasil-2016-1","src":"https:\/\/i0.wp.com\/efagundes.com\/artigos\/wp-content\/uploads\/sites\/2\/2016\/10\/infografico-competitividade-mundial-do-brasil-2016-1.png?resize=350%2C200","width":350,"height":200,"srcset":"https:\/\/i0.wp.com\/efagundes.com\/artigos\/wp-content\/uploads\/sites\/2\/2016\/10\/infografico-competitividade-mundial-do-brasil-2016-1.png?resize=350%2C200 1x, https:\/\/i0.wp.com\/efagundes.com\/artigos\/wp-content\/uploads\/sites\/2\/2016\/10\/infografico-competitividade-mundial-do-brasil-2016-1.png?resize=525%2C300 1.5x"},"classes":[]}],"jetpack_sharing_enabled":true,"_links":{"self":[{"href":"https:\/\/efagundes.com\/artigos\/wp-json\/wp\/v2\/posts\/2035","targetHints":{"allow":["GET"]}}],"collection":[{"href":"https:\/\/efagundes.com\/artigos\/wp-json\/wp\/v2\/posts"}],"about":[{"href":"https:\/\/efagundes.com\/artigos\/wp-json\/wp\/v2\/types\/post"}],"author":[{"embeddable":true,"href":"https:\/\/efagundes.com\/artigos\/wp-json\/wp\/v2\/users\/1"}],"replies":[{"embeddable":true,"href":"https:\/\/efagundes.com\/artigos\/wp-json\/wp\/v2\/comments?post=2035"}],"version-history":[{"count":0,"href":"https:\/\/efagundes.com\/artigos\/wp-json\/wp\/v2\/posts\/2035\/revisions"}],"wp:attachment":[{"href":"https:\/\/efagundes.com\/artigos\/wp-json\/wp\/v2\/media?parent=2035"}],"wp:term":[{"taxonomy":"category","embeddable":true,"href":"https:\/\/efagundes.com\/artigos\/wp-json\/wp\/v2\/categories?post=2035"},{"taxonomy":"post_tag","embeddable":true,"href":"https:\/\/efagundes.com\/artigos\/wp-json\/wp\/v2\/tags?post=2035"}],"curies":[{"name":"wp","href":"https:\/\/api.w.org\/{rel}","templated":true}]}}