{"id":2039,"date":"2015-07-24T22:34:46","date_gmt":"2015-07-25T01:34:46","guid":{"rendered":"http:\/\/efagundes.com\/artigos\/?p=2039"},"modified":"2016-09-03T07:35:51","modified_gmt":"2016-09-03T10:35:51","slug":"o-brasil-esta-a-caminho-do-seu-melhor-momento","status":"publish","type":"post","link":"https:\/\/efagundes.com\/artigos\/o-brasil-esta-a-caminho-do-seu-melhor-momento\/","title":{"rendered":"O Brasil est\u00e1 a caminho do seu melhor momento"},"content":{"rendered":"<p>Em menos de 70 anos, a Alemanha e o Jap\u00e3o, destru\u00eddos na 2\u00aa guerra mundial, voltaram a ser pot\u00eancias econ\u00f4micas mundiais. O Jap\u00e3o destru\u00eddo por um Tsunami em 2011, incluindo o desastre na usina nuclear de Fukushima, conseguiu uma r\u00e1pida recupera\u00e7\u00e3o. Os Estados Unidos foram surpreendidos duas vezes pelos sovi\u00e9ticos na corrida espacial, um pelo lan\u00e7amento do sat\u00e9lite Sputnik e outra por Yuri Gagarin, o primeiro homem no espa\u00e7o. A partir da vis\u00e3o de John Kennedy de levar e trazer americanos na lua at\u00e9 o final da d\u00e9cada de 60, a economia e a ind\u00fastria americana teve um crescimento espetacular. Uma coisa comum nessas tr\u00eas situa\u00e7\u00f5es \u00e9 que os objetivos nacionais se confundiram com os objetivos pessoais, reconstruir sua casa, seu neg\u00f3cio, sua fam\u00edlia, sua empresa, sua dignidade. Isso foi t\u00e3o forte nos japoneses que at\u00e9 hoje trabalham compulsivamente.<\/p>\n<p>Quem constr\u00f3i ou reconstr\u00f3i o pa\u00eds n\u00e3o \u00e9 o governo, e sim o seu povo. O que \u00e9 necess\u00e1rio \u00e9 um objetivo claro. A reconstru\u00e7\u00e3o da Alemanha e Jap\u00e3o e o projeto espacial americano s\u00e3o exemplos de objetivos claros e tang\u00edveis.<\/p>\n<p>O brasileiro tem dado respostas r\u00e1pidas nas crises. Quando foi necess\u00e1rio reduzir o consumo de energia e \u00e1gua houve uma r\u00e1pida mobiliza\u00e7\u00e3o para isso e a ado\u00e7\u00e3o de novos h\u00e1bitos. A famosa criatividade do brasileiro aparece nos momentos de crise, quando ele \u00e9 pressionado por algo que o faz sair da zona de conforto.<\/p>\n<p>O mundo se transforma em uma velocidade exponencial e o comportamento das pessoas e as atividades econ\u00f4micas devem acompanhar essas mudan\u00e7as. Retarda-las, com protecionismo do Estado, atrasa o desenvolvimento econ\u00f4mico e social da na\u00e7\u00e3o.<\/p>\n<p>Ao longo de 500 anos, os brasileiros mostram passividade aos fatos, com raras exce\u00e7\u00f5es. N\u00e3o houve luta pela independ\u00eancia do Brasil de Portugal. A guerra dos Farrapos, ou Revolu\u00e7\u00e3o Farroupilha, e a Revolu\u00e7\u00e3o Constitucionalista de 1932 em S\u00e3o Paulo n\u00e3o mobilizaram a na\u00e7\u00e3o por completo. A guerra do Paraguai, onde o Brasil formou um ex\u00e9rcito com 1,5% da popula\u00e7\u00e3o e gerou um d\u00e9ficit enorme nas contas p\u00fablicas, apenas ajudou a formar o corporativismo militar, que anos mais tarde proclamou a rep\u00fablica e influenciou outros fatos hist\u00f3ricos.<\/p>\n<p>Get\u00falio Vargas, apesar de ditador, s\u00f3 saiu do governo por press\u00f5es externas e retornou anos mais tarde para um mandato eleito por voto popular. Seu governo populista, criando benesses para a popula\u00e7\u00e3o e trabalhadores, como as leis trabalhistas, garantiram sua popularidade. No segundo mandato foi abalado pela corrup\u00e7\u00e3o e autoritarismo de pessoas do seu governo, que ele afirmava desconhecer.<\/p>\n<p>Durante o regime militar no Brasil, v\u00e1rios guerrilheiros com forma\u00e7\u00e3o em pa\u00edses comunistas, reclamavam que n\u00e3o tiveram apoio da popula\u00e7\u00e3o nos seus conflitos contra o governo e que, frequentemente, eram denunciados pela popula\u00e7\u00e3o. A situa\u00e7\u00e3o s\u00f3 se alterou, mesmo com as den\u00fancias de tortura, quando a economia naufragou com a crise do petr\u00f3leo.<\/p>\n<p>Mesmo com grandes manifesta\u00e7\u00f5es populares pelas \u201cDiretas J\u00e1\u201d, n\u00e3o houve conflitos sociais quando o Congresso, com maioria do governo, n\u00e3o aprovou elei\u00e7\u00f5es diretas para presidente. Por sorte, manobras dos congressistas conseguiram eleger um civil da aposi\u00e7\u00e3o, interrompendo um ciclo de presidentes indicados pelos seus antecessores. Infelizmente, Tancredo Neves faleceu antes de assumir a presid\u00eancia e o cargo foi passado para o seu vice-presidente Jos\u00e9 Sarney.<\/p>\n<p>Durante o governo militar, o pa\u00eds investiu pesadamente em infraestrutura: usinas hidrel\u00e9tricas (Itaipu, por exemplo), telecomunica\u00e7\u00f5es, estradas, portos regionais, etc. Todas essas obras com dinheiro do exterior fez saltar nossa d\u00edvida externa. Nossa economia era fechada com reservas de mercado em v\u00e1rios setores, como o automobil\u00edstico e inform\u00e1tica.\u00a0 A ideia na \u00e9poca era que a reserva de mercado era necess\u00e1ria para criar qualifica\u00e7\u00e3o interna para depois competir no mercado externo. Infelizmente, pouco se avan\u00e7ou em tecnologia e em novos modelos de neg\u00f3cios durante esse per\u00edodo. A ind\u00fastria, beneficiada pela falta de competi\u00e7\u00e3o externa, n\u00e3o se modernizou e nossa qualifica\u00e7\u00e3o t\u00e9cnica n\u00e3o prosperou, com algumas raras exce\u00e7\u00f5es. Com esse protecionismo perdemos d\u00e9cadas de desenvolvimento.<\/p>\n<p>Com a elei\u00e7\u00e3o de Fernando Collor, em meio a uma das maiores taxas de infla\u00e7\u00e3o da hist\u00f3ria, aplicou um plano de estabiliza\u00e7\u00e3o da economia, congelando a poupan\u00e7a da popula\u00e7\u00e3o, que obrigou as pessoas e empresas a produzir ao inv\u00e9s de viverem com os rendimentos dos lucros e indexa\u00e7\u00e3o da economia decorrentes da infla\u00e7\u00e3o. Com uma ind\u00fastria pouco competitiva e pessoas n\u00e3o dispostas a produzir, somado a falta de habilidade politica dele e do seu minist\u00e9rio, o plano naufragou. Collor sofreu o impeachment e o seu vice-presidente assumiu.<\/p>\n<p>Ainda com uma economia fragilizada e, para a alegria de muitos, com uma alta taxa de infla\u00e7\u00e3o, Itamar Franco assume e, por sorte, o\u00a0ministro da fazenda\u00a0liderou um plano que reduziu a infla\u00e7\u00e3o e fez crescer o PIB em 6% em 1994. Fernando Henrique se elegeu e reelegeu com taxas de crescimento da economia entre 2% e 4% durante a maior parte do seu governo, exce\u00e7\u00e3o em 1998 e 1999 com taxas pr\u00f3ximas de zero.<\/p>\n<p>Lula assume a presid\u00eancia da republica em 2002, segue a pol\u00edtica econ\u00f4mica de Fernando Henrique, assessorado por um respeitado presidente do Banco Central, com um cen\u00e1rio internacional favor\u00e1vel com altos pre\u00e7os das commodities, descoberta de petr\u00f3leo na camada do pr\u00e9-sal e amplia\u00e7\u00e3o do programa de distribui\u00e7\u00e3o de renda.<\/p>\n<p>Obviamente, um cen\u00e1rio artificial gerado por uma economia internacional manipulada. Com a erup\u00e7\u00e3o da crise econ\u00f4mica de 2008, a fraqueza do plano de expans\u00e3o da economia atrav\u00e9s do consumo foi percebida. Para manter apenas uma \u201cmarolinha\u201d na economia interna, o governo lan\u00e7a m\u00e3o de subs\u00eddios para a ind\u00fastria e planos de investimentos em grandes obras, criando um mar de tranquilidade e confian\u00e7a dos consumidores para o endividamento. Henrique Meirelles deixa a presid\u00eancia do Banco Central em 2011. Muito dinheiro e pouco controle, corrup\u00e7\u00e3o em alta.\u00a0Dilma Rousseff sucede Lula e mant\u00e9m o cen\u00e1rio de uma economia irreal apoiada com fortes subs\u00eddios e distribui\u00e7\u00e3o de benef\u00edcios para a popula\u00e7\u00e3o. Se reelege, maquiando dados da economia.<\/p>\n<p>Para salvar a economia americana Barack Obama interveio na economia e colocou cerca de US$80 bilh\u00f5es no mercado mensalmente, usando o que se chama em economia de <em>Quantitative Easing<\/em>, ou flexibiliza\u00e7\u00e3o quantitativa, para ativar a economia. O plano deu certo e o FED come\u00e7ou a reduzir o apoio a economia. O Banco Central Europeu que estava adotando a estrat\u00e9gia de controlar os juros e injetar cerca de \u20ac13 bilh\u00f5es resolveu adotar a mesma estrat\u00e9gia americana e passou a injetar \u20ac60 bilh\u00f5es at\u00e9 2016 para ativar a economia europeia.<\/p>\n<p>O \u201cPatinho Feio\u201d da zona do euro \u00e9 a Gr\u00e9cia, que se recusa a adotar as novas pr\u00e1ticas de gest\u00e3o p\u00fablicas e econ\u00f4micas. Enquanto os pa\u00edses da zona do euro faziam ajustes fortes na economia e nos benef\u00edcios para os cidad\u00e3os, a Gr\u00e9cia insistia em manter um clima artificial na sua economia. Apesar dos gregos terem uma invej\u00e1vel cultura milenar n\u00e3o querem adotar novos h\u00e1bitos para garantir a solv\u00eancia do pa\u00eds, parecendo que valorizam mais o individual que o coletivo.<\/p>\n<p>Finalmente, porque acredito que o Brasil est\u00e1 caminhando para o seu melhor momento?<\/p>\n<p>Primeiro, temos uma hist\u00f3ria que nos ensina a n\u00e3o cometer mais erros. Segundo, estamos em uma situa\u00e7\u00e3o de escassez de recursos, com falta de dinheiro devido a\u00a0infla\u00e7\u00e3o e desemprego gerando\u00a0baixa confian\u00e7a na economia, onde a \u00fanica sa\u00edda \u00e9 usar nossa criatividade e come\u00e7ar um novo ciclo de crescimento apoiado no trabalho sem as benesses do governo.<\/p>\n<p>Como o governo est\u00e1 sem recursos, n\u00e3o adianta ficar esperando socorro. Ir\u00e1 chegar um momento que para n\u00e3o morrer (sentido figurado) as pessoas ter\u00e3o que encontrar outras formas para viver. As empresas sem subs\u00eddios ter\u00e3o que investir na moderniza\u00e7\u00e3o do parque industrial, sem ajuda do governo, encontrando outras formas de financiamento, como por exemplo, abrindo o capital na bolsa de valores. O Congresso ter\u00e1 que rever a Constitui\u00e7\u00e3o de 1988 que centraliza e engessa o or\u00e7amento p\u00fablico para atender a popula\u00e7\u00e3o de forma mais democr\u00e1tica e justa. Os jovens que n\u00e3o nunca viveram momentos de crise est\u00e3o aprendendo que a vida n\u00e3o \u00e9 um \u201cmar de rosas\u201d e que \u00e9 preciso trabalhar duro e se qualificar continuamente para ter melhores sal\u00e1rios. Os sindicatos devem requalificar seus associados para outras atividades dentro do seu setor de atua\u00e7\u00e3o e n\u00e3o lutar com as mudan\u00e7as.<\/p>\n<p>O combate dos governos \u00e0 corrup\u00e7\u00e3o est\u00e1 criando um ambiente mais competitivo de neg\u00f3cios. Os pa\u00edses do G-20 colocaram o combate \u00e0 corrup\u00e7\u00e3o no topo das prioridades globais. A China trabalha forte contra a corrup\u00e7\u00e3o. A Su\u00ed\u00e7a e Luxemburgo colaboram com os outros pa\u00edses para identificar a\u00e7\u00f5es de lavagem de dinheiro. Os Estados Unidos abrem processos internacionais para punir pessoas que lesam investidores americanos. No Brasil, a opera\u00e7\u00e3o Lava a Jato est\u00e1 punindo corruptos e corruptores da Petrobr\u00e1s e empreiteiras.<\/p>\n<p>Enfim, vamos arrega\u00e7ar as mangas e continuar a trabalhar duro, n\u00e3o esquecendo a educa\u00e7\u00e3o.<\/p>\n","protected":false},"excerpt":{"rendered":"<p>Em menos de 70 anos, a Alemanha e o Jap\u00e3o, destru\u00eddos na 2\u00aa guerra mundial, voltaram a ser pot\u00eancias econ\u00f4micas mundiais. O Jap\u00e3o destru\u00eddo por um Tsunami em 2011, incluindo o desastre na usina nuclear de Fukushima, conseguiu uma r\u00e1pida recupera\u00e7\u00e3o. Os Estados Unidos foram surpreendidos duas vezes pelos sovi\u00e9ticos na corrida espacial, um pelo [&hellip;]<\/p>\n","protected":false},"author":1,"featured_media":0,"comment_status":"open","ping_status":"open","sticky":false,"template":"","format":"standard","meta":{"jetpack_post_was_ever_published":false,"_jetpack_newsletter_access":"","_jetpack_dont_email_post_to_subs":false,"_jetpack_newsletter_tier_id":0,"_jetpack_memberships_contains_paywalled_content":false,"_jetpack_memberships_contains_paid_content":false,"footnotes":""},"categories":[352,3,9],"tags":[77],"class_list":["post-2039","post","type-post","status-publish","format-standard","hentry","category-artigos","category-blog","category-inovacao","tag-crise-economica"],"jetpack_featured_media_url":"","jetpack_shortlink":"https:\/\/wp.me\/p8yInB-wT","jetpack-related-posts":[{"id":896,"url":"https:\/\/efagundes.com\/artigos\/nao-seja-fiel-aos-seus-projetos-e-sim-aos-seus-objetivos\/","url_meta":{"origin":2039,"position":0},"title":"N\u00e3o seja fiel aos seus projetos e sim aos seus objetivos","author":"Eduardo Fagundes","date":"13 de setembro de 2013","format":false,"excerpt":"Plano de neg\u00f3cio \u00e9 baseado em premissas. Ele define seus objetivos que s\u00e3o traduzidos em projetos. Perseguir os objetivos e entregar os projetos demonstram perseveran\u00e7a e capacidade de execu\u00e7\u00e3o. Conclu\u00ed-los significa prestigio na organiza\u00e7\u00e3o, garantia de b\u00f4nus financeiro ou a realiza\u00e7\u00e3o de um sonho. Entretanto, a obstina\u00e7\u00e3o para concluir um\u2026","rel":"","context":"Em &quot;Artigos&quot;","block_context":{"text":"Artigos","link":"https:\/\/efagundes.com\/artigos\/category\/artigos\/"},"img":{"alt_text":"","src":"","width":0,"height":0},"classes":[]},{"id":2302,"url":"https:\/\/efagundes.com\/artigos\/o-sucesso-profissional-exige-muito-mais-que-um-certificado\/","url_meta":{"origin":2039,"position":1},"title":"O sucesso profissional exige muito mais que um certificado","author":"Eduardo Fagundes","date":"20 de novembro de 2016","format":false,"excerpt":"Estudar para ser aprovado em uma prova de certifica\u00e7\u00e3o n\u00e3o garante o sucesso profissional, embora seja uma condi\u00e7\u00e3o importante no mercado de trabalho. O que determina o sucesso profissional \u00e9 a capacidade de execu\u00e7\u00e3o. Infelizmente, n\u00e3o existe uma certifica\u00e7\u00e3o de \u201cexecu\u00e7\u00e3o\u201d. Para evidenciar esse vi\u00e9s profissional \u00e9 necess\u00e1rio participar de\u2026","rel":"","context":"Em &quot;Artigos&quot;","block_context":{"text":"Artigos","link":"https:\/\/efagundes.com\/artigos\/category\/artigos\/"},"img":{"alt_text":"","src":"","width":0,"height":0},"classes":[]},{"id":1137,"url":"https:\/\/efagundes.com\/artigos\/como-aumentar-o-capital-intelectual-da-sua-empresa\/","url_meta":{"origin":2039,"position":2},"title":"Como aumentar o Capital Intelectual da sua empresa","author":"Eduardo Fagundes","date":"12 de novembro de 2014","format":false,"excerpt":"A vantagem competitiva das empresas est\u00e1 no seu conhecimento e na capacidade de aprender coisas novas. Na economia moderna, criar e compartilhar conhecimento aumenta o valor do capital intelectual da organiza\u00e7\u00e3o. Entende-se por Capital Intelectual a capacidade que a empresa tem para lidar, sobreviver, crescer e atingir o sucesso nos\u2026","rel":"","context":"Em &quot;Artigos&quot;","block_context":{"text":"Artigos","link":"https:\/\/efagundes.com\/artigos\/category\/artigos\/"},"img":{"alt_text":"figura_gestao_do_conhecimento_curso_online","src":"https:\/\/i0.wp.com\/efagundes.com\/artigos\/wp-content\/uploads\/sites\/2\/2014\/11\/figura_gestao_do_conhecimento_curso_online.png?resize=350%2C200","width":350,"height":200,"srcset":"https:\/\/i0.wp.com\/efagundes.com\/artigos\/wp-content\/uploads\/sites\/2\/2014\/11\/figura_gestao_do_conhecimento_curso_online.png?resize=350%2C200 1x, https:\/\/i0.wp.com\/efagundes.com\/artigos\/wp-content\/uploads\/sites\/2\/2014\/11\/figura_gestao_do_conhecimento_curso_online.png?resize=525%2C300 1.5x"},"classes":[]},{"id":2047,"url":"https:\/\/efagundes.com\/artigos\/a-qual-grupo-de-negocios-voce-pertence\/","url_meta":{"origin":2039,"position":3},"title":"A qual grupo de neg\u00f3cios voc\u00ea pertence?","author":"Eduardo Fagundes","date":"16 de agosto de 2015","format":false,"excerpt":"O mundo \u00e9 plano, mas os neg\u00f3cios reais s\u00e3o locais. A globaliza\u00e7\u00e3o impulsionada pela Internet permite que pessoas e empresas fa\u00e7am neg\u00f3cios em qualquer lugar do mundo com facilidade. A simples ideia do cont\u00eainer no transporte mar\u00edtimo reduziu os custos e facilitou a movimenta\u00e7\u00e3o de cargas. Entretanto, poucas pessoas e\u2026","rel":"","context":"Em &quot;Artigos&quot;","block_context":{"text":"Artigos","link":"https:\/\/efagundes.com\/artigos\/category\/artigos\/"},"img":{"alt_text":"","src":"","width":0,"height":0},"classes":[]},{"id":867,"url":"https:\/\/efagundes.com\/artigos\/o-lado-escuro-de-uma-empresa-de-sucesso\/","url_meta":{"origin":2039,"position":4},"title":"O lado escuro de uma empresa de sucesso","author":"Eduardo Fagundes","date":"5 de setembro de 2013","format":false,"excerpt":"Empresas de sucesso trazem excelentes resultados em vendas, satisfa\u00e7\u00e3o dos clientes, \u00f3timas margens de lucros, funcion\u00e1rios motivados e crescimento empresarial. Nessas empresas, normalmente, as energias s\u00e3o focadas na efici\u00eancia de processos, crescimento em vendas e lan\u00e7amentos de produtos, intimamente, relacionados com os atuais. Afinal, time que est\u00e1 ganhando n\u00e3o se\u2026","rel":"","context":"Em &quot;Artigos&quot;","block_context":{"text":"Artigos","link":"https:\/\/efagundes.com\/artigos\/category\/artigos\/"},"img":{"alt_text":"","src":"","width":0,"height":0},"classes":[]},{"id":1147,"url":"https:\/\/efagundes.com\/artigos\/prioridades-do-g20-e-o-seu-impacto-na-economia-global\/","url_meta":{"origin":2039,"position":5},"title":"Prioridades do G20 e o seu impacto na economia global","author":"Eduardo Fagundes","date":"16 de novembro de 2014","format":false,"excerpt":"O G20, grupo de pa\u00edses que representam 85% da economia mundial, elaboraram um plano para ampliar o crescimento da economia em 2,1% at\u00e9 2018, representando um crescimento de US$2 trilh\u00f5es com a expectativa de cria\u00e7\u00e3o de milh\u00f5es de empregos. Ao todo s\u00e3o 800 medidas que devem ser implementadas, sendo monitoradas\u2026","rel":"","context":"Em &quot;Artigos&quot;","block_context":{"text":"Artigos","link":"https:\/\/efagundes.com\/artigos\/category\/artigos\/"},"img":{"alt_text":"foto-G20-v71","src":"https:\/\/i0.wp.com\/efagundes.com\/artigos\/wp-content\/uploads\/sites\/2\/2014\/11\/foto-G20-v71.png?resize=350%2C200","width":350,"height":200,"srcset":"https:\/\/i0.wp.com\/efagundes.com\/artigos\/wp-content\/uploads\/sites\/2\/2014\/11\/foto-G20-v71.png?resize=350%2C200 1x, https:\/\/i0.wp.com\/efagundes.com\/artigos\/wp-content\/uploads\/sites\/2\/2014\/11\/foto-G20-v71.png?resize=525%2C300 1.5x"},"classes":[]}],"jetpack_sharing_enabled":true,"_links":{"self":[{"href":"https:\/\/efagundes.com\/artigos\/wp-json\/wp\/v2\/posts\/2039","targetHints":{"allow":["GET"]}}],"collection":[{"href":"https:\/\/efagundes.com\/artigos\/wp-json\/wp\/v2\/posts"}],"about":[{"href":"https:\/\/efagundes.com\/artigos\/wp-json\/wp\/v2\/types\/post"}],"author":[{"embeddable":true,"href":"https:\/\/efagundes.com\/artigos\/wp-json\/wp\/v2\/users\/1"}],"replies":[{"embeddable":true,"href":"https:\/\/efagundes.com\/artigos\/wp-json\/wp\/v2\/comments?post=2039"}],"version-history":[{"count":0,"href":"https:\/\/efagundes.com\/artigos\/wp-json\/wp\/v2\/posts\/2039\/revisions"}],"wp:attachment":[{"href":"https:\/\/efagundes.com\/artigos\/wp-json\/wp\/v2\/media?parent=2039"}],"wp:term":[{"taxonomy":"category","embeddable":true,"href":"https:\/\/efagundes.com\/artigos\/wp-json\/wp\/v2\/categories?post=2039"},{"taxonomy":"post_tag","embeddable":true,"href":"https:\/\/efagundes.com\/artigos\/wp-json\/wp\/v2\/tags?post=2039"}],"curies":[{"name":"wp","href":"https:\/\/api.w.org\/{rel}","templated":true}]}}