{"id":2095,"date":"2016-01-14T10:45:09","date_gmt":"2016-01-14T12:45:09","guid":{"rendered":"http:\/\/efagundes.com\/artigos\/?p=2095"},"modified":"2020-12-13T12:28:20","modified_gmt":"2020-12-13T15:28:20","slug":"energia-fotovoltaica-gerara-4-da-matriz-energetica-brasileira-ate-2024","status":"publish","type":"post","link":"https:\/\/efagundes.com\/artigos\/energia-fotovoltaica-gerara-4-da-matriz-energetica-brasileira-ate-2024\/","title":{"rendered":"Energia fotovoltaica gerar\u00e1 4% da matriz energ\u00e9tica brasileira at\u00e9 2024"},"content":{"rendered":"\n<p>Estima-se que a energia fotovoltaica, gerada a partir de pain\u00e9is solares, produzir\u00e1 7 GW (giga watts) de eletricidade at\u00e9 2024, metade da energia produzida pela Usina de Itaipu. Em 2015 houve um crescimento de 300% da micro e mini gera\u00e7\u00e3o, produ\u00e7\u00e3o independente at\u00e9 1MWp. Espera-se contrata\u00e7\u00f5es na ordem de R$8 bilh\u00f5es at\u00e9 2018 para as grandes usinas fotovoltaicas, que poder\u00e3o empregar at\u00e9 30 mil trabalhadores.<\/p>\n\n\n\n<p>Finalmente, estamos saindo do marasmo e investindo em energia solar e esperamos o mesmo sucesso da energia e\u00f3lica no pais. O Brasil tem um gigantesco potencial para gerar energia renov\u00e1vel, nossos ventos s\u00e3o bons e somos privilegiados em irradia\u00e7\u00e3o solar. S\u00f3 para se ter uma ideia, a menor regi\u00e3o de irradia\u00e7\u00e3o solar no Brasil \u00e9 a maior na Alemanha. A Alemanha conseguiu em recorde em 2012 de gerar 22 GW, que representou 50% do consumo no pa\u00eds.<\/p>\n\n\n\n<figure class=\"wp-block-image is-style-default\"><a href=\"http:\/\/efagundes.com\/artigos\/wp-content\/uploads\/sites\/2\/2016\/01\/mapa-energia-solar-no-brasil.jpg\" rel=\"attachment wp-att-2096\"><img loading=\"lazy\" decoding=\"async\" width=\"1920\" height=\"3000\" src=\"http:\/\/efagundes.com\/artigos\/wp-content\/uploads\/sites\/2\/2016\/01\/mapa-energia-solar-no-brasil.jpg\" alt=\"mapa-energia-solar-no-brasil\" class=\"wp-image-2096\" srcset=\"https:\/\/efagundes.com\/artigos\/wp-content\/uploads\/sites\/2\/2016\/01\/mapa-energia-solar-no-brasil.jpg 1920w, https:\/\/efagundes.com\/artigos\/wp-content\/uploads\/sites\/2\/2016\/01\/mapa-energia-solar-no-brasil-192x300.jpg 192w, https:\/\/efagundes.com\/artigos\/wp-content\/uploads\/sites\/2\/2016\/01\/mapa-energia-solar-no-brasil-768x1200.jpg 768w, https:\/\/efagundes.com\/artigos\/wp-content\/uploads\/sites\/2\/2016\/01\/mapa-energia-solar-no-brasil-655x1024.jpg 655w, https:\/\/efagundes.com\/artigos\/wp-content\/uploads\/sites\/2\/2016\/01\/mapa-energia-solar-no-brasil-1200x1875.jpg 1200w\" sizes=\"auto, (max-width: 1920px) 100vw, 1920px\" \/><\/a><\/figure>\n\n\n\n<p>O Brasil \u00e9 signat\u00e1rio da COP21 e anunciou em 2015 na ONU (Organiza\u00e7\u00e3o das Na\u00e7\u00f5es Unidas) que a gera\u00e7\u00e3o de energia renov\u00e1vel representar\u00e1 45% at\u00e9 2030, dentro do esfor\u00e7o para reduzir o impacto das mudan\u00e7as clim\u00e1ticas.<\/p>\n\n\n\n<p>Nem tudo s\u00e3o rosas. O grande desafio energia e\u00f3lica e solar \u00e9 mitigar a grande varia\u00e7\u00e3o de gera\u00e7\u00e3o em poucos segundos. A produ\u00e7\u00e3o pode variar de 100% a 10% em apenas 3 segundos, entre uma rasada de vento e outra ou quando uma nuvem espessa faz sombra nos pain\u00e9is solares.<\/p>\n\n\n\n<p>No caso da energia fotovoltaica, ela s\u00f3 gera energia durante o dia. Durante o per\u00edodo da noite, onde temos o hor\u00e1rio de pico de consumo (entre 18 horas e 21 horas) a energia deve ser gerada por fontes de base, como hidrel\u00e9tricas ou termel\u00e9tricas. Isso significa que temos que manter um parque de usinas com gera\u00e7\u00e3o convencional para suprir a demanda em momentos onde as energias e\u00f3lica e fotovoltaica n\u00e3o suprem. Obviamente, teremos menos necessidade de uso da \u00e1gua dos reservat\u00f3rios e menos utiliza\u00e7\u00e3o de \u00f3leo e g\u00e1s. Nesse \u00faltimo caso, reduzindo a emiss\u00e3o de gases do efeito estufa.<\/p>\n\n\n\n<p>Uma solu\u00e7\u00e3o t\u00e9cnica que est\u00e1 sendo adotada \u00e9 o uso de grandes baterias, montadas em container, para o armazenamento de energia durante o dia para uso a noite, al\u00e9m de compensar as varia\u00e7\u00f5es de gera\u00e7\u00e3o das usinas e\u00f3licas e fotovoltaicas.<\/p>\n\n\n\n<p>O desenvolvimento de energia fotovoltaica no pais, tanto para o setor residencial como empresarial, depende de incentivos do governo. A Alemanha, subsidiou as instala\u00e7\u00f5es fotovoltaicas em resid\u00eancias desde 2.000. Espera-se que os incentivos sejam atrativos no Brasil para motivar ainda mais a ado\u00e7\u00e3o de mini gera\u00e7\u00e3o nas resid\u00eancias.<\/p>\n\n\n\n<p>O programa Minha Casa Minha Vida (MCMV) pode adotar como a gera\u00e7\u00e3o fotovoltaica como padr\u00e3o, como \u00e9 o caso do aquecimento de \u00e1gua por pain\u00e9is solares. Dependendo da legisla\u00e7\u00e3o, as comunidades do programa MCMV podem reduzir o custo da conta de luz entregando para a concession\u00e1ria de distribui\u00e7\u00e3o local o excedente de energia produzida, baseado na resolu\u00e7\u00e3o n\u00ba 482 da Aneel (Agencia Nacional de Energia El\u00e9trica).<\/p>\n\n\n\n<p>Uma amea\u00e7a a energia fotovoltaica no Brasil \u00e9 o in\u00edcio da produ\u00e7\u00e3o de g\u00e1s de xisto e seu uso na gera\u00e7\u00e3o em termel\u00e9tricas. Uma ala do governo federal est\u00e1 convicta que a produ\u00e7\u00e3o de g\u00e1s de xisto pode reduzir, significativamente, o custo da energia. O g\u00e1s de xisto (shale gas) \u00e9 uma das apostas dos Estados Unidos para a autossufici\u00eancia energ\u00e9tica. Pelos riscos ambientais, muitas cidades no Brasil est\u00e3o proibindo sua explora\u00e7\u00e3o.<\/p>\n\n\n\n<p>Na minha vis\u00e3o, o sucesso da implanta\u00e7\u00e3o em larga escala da energia fotovoltaica no Brasil depender\u00e1 do modelo de neg\u00f3cio adotado. Acredito que o uso do modelo tradicional, mesmo com incentivos do governo, n\u00e3o \u00e9 suficiente para a expans\u00e3o exponencial e aproveitando do potencial de mercado existente. Temos que desenvolver novos modelos de neg\u00f3cio.<\/p>\n","protected":false},"excerpt":{"rendered":"<p>Estima-se que a energia fotovoltaica, gerada a partir de pain\u00e9is solares, produzir\u00e1 7 GW (giga watts) de eletricidade at\u00e9 2024, metade da energia produzida pela Usina de Itaipu. Em 2015 houve um crescimento de 300% da micro e mini gera\u00e7\u00e3o, produ\u00e7\u00e3o independente at\u00e9 1MWp. Espera-se contrata\u00e7\u00f5es na ordem de R$8 bilh\u00f5es at\u00e9 2018 para as [&hellip;]<\/p>\n","protected":false},"author":1,"featured_media":0,"comment_status":"closed","ping_status":"closed","sticky":false,"template":"","format":"standard","meta":{"jetpack_post_was_ever_published":false,"_jetpack_newsletter_access":"","_jetpack_dont_email_post_to_subs":false,"_jetpack_newsletter_tier_id":0,"_jetpack_memberships_contains_paywalled_content":false,"_jetpack_memberships_contains_paid_content":false,"footnotes":""},"categories":[352,3,7,13],"tags":[342],"class_list":["post-2095","post","type-post","status-publish","format-standard","hentry","category-artigos","category-blog","category-eficiencia-energetica-2","category-sustentabilidade","tag-energia-fotovoltaica"],"jetpack_featured_media_url":"","jetpack_shortlink":"https:\/\/wp.me\/p8yInB-xN","jetpack-related-posts":[{"id":2271,"url":"https:\/\/efagundes.com\/artigos\/a-geracao-distribuida-substituira-o-mercado-livre-de-energia\/","url_meta":{"origin":2095,"position":0},"title":"A Gera\u00e7\u00e3o Distribu\u00edda substituir\u00e1 o Mercado Livre de energia?","author":"Eduardo Fagundes","date":"17 de setembro de 2016","format":false,"excerpt":"A Resolu\u00e7\u00e3o Normativa n\u00ba 687\/2015 da Aneel que trata sobre a gera\u00e7\u00e3o distribu\u00edda, atualiza\u00e7\u00e3o da resolu\u00e7\u00e3o n\u00ba 482, cria enormes oportunidades para novos modelos de neg\u00f3cios e projetos de gera\u00e7\u00e3o de energia, principalmente na gera\u00e7\u00e3o fotovoltaica. Esse novo cen\u00e1rio regulat\u00f3rio de gera\u00e7\u00e3o distribu\u00edda (GD) pode superar o modelo atual de\u2026","rel":"","context":"Em &quot;Artigos&quot;","block_context":{"text":"Artigos","link":"https:\/\/efagundes.com\/artigos\/category\/artigos\/"},"img":{"alt_text":"","src":"","width":0,"height":0},"classes":[]},{"id":2100,"url":"https:\/\/efagundes.com\/artigos\/data-de-validade-da-petrobras\/","url_meta":{"origin":2095,"position":1},"title":"Data de validade da Petrobr\u00e1s","author":"Eduardo Fagundes","date":"17 de janeiro de 2016","format":false,"excerpt":"Tudo tem data de validade. A Terra, 5 bilh\u00f5es de anos. O Sol, 10 bilh\u00f5es de anos. As pessoas, 75,2 anos (78,8 para mulheres e 71,6 para os homens, no Brasil). A vida na Terra como conhecemos hoje at\u00e9 2.100, devido as mudan\u00e7as clim\u00e1tica. Os regimes pol\u00edticos, a moda, nossa\u2026","rel":"","context":"Em &quot;Artigos&quot;","block_context":{"text":"Artigos","link":"https:\/\/efagundes.com\/artigos\/category\/artigos\/"},"img":{"alt_text":"","src":"","width":0,"height":0},"classes":[]},{"id":420,"url":"https:\/\/efagundes.com\/artigos\/o-desafio-do-consumo-de-energia-dos-data-centers-no-brasil\/","url_meta":{"origin":2095,"position":2},"title":"O desafio do consumo de energia dos Data Centers no Brasil","author":"Eduardo Fagundes","date":"28 de agosto de 2014","format":false,"excerpt":"O consumo total de energia dos data centers ocupa a sexta posi\u00e7\u00e3o no mundo se comparado ao consumo de pa\u00edses, perdendo apenas para a China, Estados Unidos, Jap\u00e3o, \u00cdndia e R\u00fassia (2011). Os recursos por mais processamento, armazenamento de dados e comunica\u00e7\u00f5es ir\u00e1 triplicar entre 2012 e 2017, crescendo de\u2026","rel":"","context":"Em &quot;Artigos&quot;","block_context":{"text":"Artigos","link":"https:\/\/efagundes.com\/artigos\/category\/artigos\/"},"img":{"alt_text":"","src":"","width":0,"height":0},"classes":[]},{"id":1223,"url":"https:\/\/efagundes.com\/artigos\/controle-da-demanda-de-energia-e-uma-questao-de-sobrevivencia-empresarial\/","url_meta":{"origin":2095,"position":3},"title":"Controle da demanda de energia \u00e9 uma quest\u00e3o de sobreviv\u00eancia empresarial","author":"Eduardo Fagundes","date":"29 de dezembro de 2014","format":false,"excerpt":"Segundo a Federa\u00e7\u00e3o das Ind\u00fastrias do Estado do Rio de Janeiro (Firjan), o aumento da energia resultar\u00e1 um custo estrutural de R$401,30 por MWh at\u00e9 o final de 2015 para a ind\u00fastria. Em 2013, o custo m\u00e9dio da ind\u00fastria era de R$263,00 por MWh. A introdu\u00e7\u00e3o das bandeiras tarif\u00e1rias em\u2026","rel":"","context":"Em &quot;Artigos&quot;","block_context":{"text":"Artigos","link":"https:\/\/efagundes.com\/artigos\/category\/artigos\/"},"img":{"alt_text":"","src":"","width":0,"height":0},"classes":[]},{"id":341,"url":"https:\/\/efagundes.com\/artigos\/o-desafio-da-energia-para-os-data-center-e-o-compromisso-com-a-sustentabilidade\/","url_meta":{"origin":2095,"position":4},"title":"O desafio da energia para os data centers e o compromisso com a sustentabilidade","author":"Eduardo Fagundes","date":"3 de abril de 2014","format":false,"excerpt":"Em abril de 2014, o Greenpeace liberou um novo relat\u00f3rio sobre o uso de energia renov\u00e1vel pelos maiores data centers globais. Esse relat\u00f3rio apresenta um ranking dos data centers mais comprometidos com o uso de energia renov\u00e1vel com o objetivo de mitigar a emiss\u00e3o de gases do efeito estufa. O\u2026","rel":"","context":"Em &quot;Artigos&quot;","block_context":{"text":"Artigos","link":"https:\/\/efagundes.com\/artigos\/category\/artigos\/"},"img":{"alt_text":"figura-clean-data-center-greenpeace-april-2014","src":"https:\/\/i0.wp.com\/efagundes.com\/artigos\/wp-content\/uploads\/sites\/2\/2014\/04\/figura-clean-data-center-greenpeace-april-2014.png?resize=350%2C200","width":350,"height":200,"srcset":"https:\/\/i0.wp.com\/efagundes.com\/artigos\/wp-content\/uploads\/sites\/2\/2014\/04\/figura-clean-data-center-greenpeace-april-2014.png?resize=350%2C200 1x, https:\/\/i0.wp.com\/efagundes.com\/artigos\/wp-content\/uploads\/sites\/2\/2014\/04\/figura-clean-data-center-greenpeace-april-2014.png?resize=525%2C300 1.5x, https:\/\/i0.wp.com\/efagundes.com\/artigos\/wp-content\/uploads\/sites\/2\/2014\/04\/figura-clean-data-center-greenpeace-april-2014.png?resize=700%2C400 2x"},"classes":[]},{"id":1184,"url":"https:\/\/efagundes.com\/artigos\/autoproducao-e-mercado-livre-de-energia\/","url_meta":{"origin":2095,"position":5},"title":"Autoprodu\u00e7\u00e3o e Mercado Livre de Energia uma estrat\u00e9gia de continuidade de neg\u00f3cios","author":"Eduardo Fagundes","date":"8 de dezembro de 2014","format":false,"excerpt":"Imagine investir R$1,4 bilh\u00f5es em uma nova f\u00e1brica e deixar de operar por falta de energia. Ainda, como enfrentar o desafio de reduzir as emiss\u00f5es de gases de efeito estufa diminuindo custos e aumentando a produtividade. A solu\u00e7\u00e3o da Holcim, multinacional do setor de cimentos, foi contratar 55MW m\u00e9dios por\u2026","rel":"","context":"Em &quot;Artigos&quot;","block_context":{"text":"Artigos","link":"https:\/\/efagundes.com\/artigos\/category\/artigos\/"},"img":{"alt_text":"","src":"","width":0,"height":0},"classes":[]}],"jetpack_sharing_enabled":true,"_links":{"self":[{"href":"https:\/\/efagundes.com\/artigos\/wp-json\/wp\/v2\/posts\/2095","targetHints":{"allow":["GET"]}}],"collection":[{"href":"https:\/\/efagundes.com\/artigos\/wp-json\/wp\/v2\/posts"}],"about":[{"href":"https:\/\/efagundes.com\/artigos\/wp-json\/wp\/v2\/types\/post"}],"author":[{"embeddable":true,"href":"https:\/\/efagundes.com\/artigos\/wp-json\/wp\/v2\/users\/1"}],"replies":[{"embeddable":true,"href":"https:\/\/efagundes.com\/artigos\/wp-json\/wp\/v2\/comments?post=2095"}],"version-history":[{"count":0,"href":"https:\/\/efagundes.com\/artigos\/wp-json\/wp\/v2\/posts\/2095\/revisions"}],"wp:attachment":[{"href":"https:\/\/efagundes.com\/artigos\/wp-json\/wp\/v2\/media?parent=2095"}],"wp:term":[{"taxonomy":"category","embeddable":true,"href":"https:\/\/efagundes.com\/artigos\/wp-json\/wp\/v2\/categories?post=2095"},{"taxonomy":"post_tag","embeddable":true,"href":"https:\/\/efagundes.com\/artigos\/wp-json\/wp\/v2\/tags?post=2095"}],"curies":[{"name":"wp","href":"https:\/\/api.w.org\/{rel}","templated":true}]}}