{"id":2100,"date":"2016-01-17T10:07:19","date_gmt":"2016-01-17T12:07:19","guid":{"rendered":"http:\/\/efagundes.com\/artigos\/?p=2100"},"modified":"2016-12-23T08:19:39","modified_gmt":"2016-12-23T10:19:39","slug":"data-de-validade-da-petrobras","status":"publish","type":"post","link":"https:\/\/efagundes.com\/artigos\/data-de-validade-da-petrobras\/","title":{"rendered":"Data de validade da Petrobr\u00e1s"},"content":{"rendered":"<p>Tudo tem data de validade. A Terra, 5 bilh\u00f5es de anos. O Sol, 10 bilh\u00f5es de anos. As pessoas, 75,2 anos (78,8 para mulheres e 71,6 para os homens, no Brasil). A vida na Terra como conhecemos hoje at\u00e9 2.100, devido as mudan\u00e7as clim\u00e1tica. Os regimes pol\u00edticos, a moda, nossa habilidade profissionais e at\u00e9 mesmo os conceitos de certo e errado.<\/p>\n<p>Qual a data de validade da Petrobr\u00e1s? Meu chute \u00e9 janeiro de 2045.<\/p>\n<p><!--more--><\/p>\n<p>Os sauditas preveem que ainda estar\u00e3o no mercado de petr\u00f3leo para a produ\u00e7\u00e3o de energia por mais uns 20 anos. Mesmo com o pre\u00e7o do barril do petr\u00f3leo abaixo de US$30, \u00e9 prefer\u00edvel fazer caixa agora do que deixar o petr\u00f3leo estocado no subsolo e depois n\u00e3o ter para quem vender.<\/p>\n<p>Finalmente \u201ccaiu a ficha\u201d dos governantes que a vida na Terra ir\u00e1 acabar (literalmente) e que s\u00e3o necess\u00e1rias a\u00e7\u00f5es urgentes para retardar o inevit\u00e1vel. A principal delas, e que temos controle, \u00e9 reduzir a emiss\u00e3o de gases do efeito estufa. A energia gerada atrav\u00e9s de combust\u00edveis fosseis \u00e9 uma das maiores ofensoras no planeta. Da\u00ed o esfor\u00e7o global para mudar a matriz energ\u00e9tica para energias renov\u00e1veis, como e\u00f3lica e fotovoltaica.<\/p>\n<p>O Brasil \u00e9 um dos principais <em>players<\/em> nessas iniciativas, talvez uma das poucas de relev\u00e2ncia que sobrou depois da sequ\u00eancia de escolhas erradas que fizemos nos \u00faltimos anos. O governo brasileiro assinou e se comprometeu internacionalmente a contribuir com a redu\u00e7\u00e3o de gases do efeito estufa.<\/p>\n<p>Em discurso nas Na\u00e7\u00f5es Unidas, em setembro de 2015, o governo brasileiro se comprometeu com um INDC de 43% para a redu\u00e7\u00e3o das emiss\u00f5es de gases de efeito estufa at\u00e9 2030, com base no ano de 2005. O INDC \u00e9 sigla em ingl\u00eas para Contribui\u00e7\u00f5es Nacionalmente Determinadas Pretendidas. O compromisso \u00e9 ter uma matriz energ\u00e9tica com 66% de fonte h\u00eddrica, 23% de fontes renov\u00e1veis (e\u00f3lica, solar e biomassa) e aumento de 10% em efici\u00eancia energ\u00e9tica.<\/p>\n<p>Essas diretrizes deixam pouco espa\u00e7o para o uso de petr\u00f3leo e g\u00e1s na matriz energ\u00e9tica. Isso significa que uma boa parte das atuais usinas termel\u00e9tricas a \u00f3leo e g\u00e1s tem prazo de validade at\u00e9 2030.<\/p>\n<p>Outro compromisso assumido pelo governo brasileiro \u00e9 ter a participa\u00e7\u00e3o de 16% de etanol carburante e das demais biomassas derivadas da cana-de-a\u00e7\u00facar no total da matriz energ\u00e9tica. Isso pode ser ampliando se cada propriet\u00e1rio de carro optar por usar etanol ao inv\u00e9s de gasolina em seus carros. A conta n\u00e3o \u00e9 se o etanol \u00e9 mais barato ou mais caro por quilometro rodado, a conta \u00e9 quantos dias h\u00e1 mais retardaremos os efeitos das mudan\u00e7as clim\u00e1ticas extremas com a substitui\u00e7\u00e3o da gasolina pelo etanol. Depois n\u00e3o adianta reclamar que os pre\u00e7os dos alimentos aumentaram por causa das estiagens ou fortes chuvas.<\/p>\n<p>A ind\u00fastria automobil\u00edstica j\u00e1 entendeu que o prazo de validade dos carros a motor a combust\u00e3o est\u00e1 para vencer. Est\u00e3o substituindo os motores poluentes por motores el\u00e9tricos. Mas do que isso, perceberam que o prazo de validade das pessoas desejarem possuir carros tamb\u00e9m est\u00e1 para vencer e j\u00e1 est\u00e3o partindo para um novo modelo de neg\u00f3cio de compartilhamento de ve\u00edculo, dentro do conceito de mobilidade.<\/p>\n<p>Com os pre\u00e7os do petr\u00f3leo abaixo de US$30 e a derrubada das barreiras comerciais do Ir\u00e3 que voltar\u00e1 a comercializar petr\u00f3leo livremente no mundo, n\u00e3o tem mais sentido ficarmos expostos aos altos riscos da explora\u00e7\u00e3o de petr\u00f3leo na camada do pr\u00e9-sal. N\u00e3o vale mais os altos investimentos em tecnologia de explora\u00e7\u00e3o de petr\u00f3leo em \u00e1guas profundas para evitar o risco de fracionamento da camada e vazamento do petr\u00f3leo com enormes consequ\u00eancias ambientais. Como tamb\u00e9m n\u00e3o faz nenhum sentido destinar verbas do Tesouro Nacional para socorrer uma empresa poluidora que tem data de validade pr\u00e9-fixada.<\/p>\n<p>Vamos fazer nossa parte, substituindo o petr\u00f3leo por combust\u00edveis renov\u00e1veis, encontrando oportunidades de efici\u00eancia energ\u00e9tica em casa e no trabalho e optando por usar energia de fontes renov\u00e1veis atrav\u00e9s de autoprodu\u00e7\u00e3o de energia ou comprando energia limpa no mercado livre.<\/p>\n<p>Observa\u00e7\u00e3o final, notem que nem falei da Opera\u00e7\u00e3o Lava a Jato.<\/p>\n","protected":false},"excerpt":{"rendered":"<p>Tudo tem data de validade. A Terra, 5 bilh\u00f5es de anos. O Sol, 10 bilh\u00f5es de anos. As pessoas, 75,2 anos (78,8 para mulheres e 71,6 para os homens, no Brasil). A vida na Terra como conhecemos hoje at\u00e9 2.100, devido as mudan\u00e7as clim\u00e1tica. Os regimes pol\u00edticos, a moda, nossa habilidade profissionais e at\u00e9 mesmo [&hellip;]<\/p>\n","protected":false},"author":1,"featured_media":0,"comment_status":"closed","ping_status":"closed","sticky":false,"template":"","format":"standard","meta":{"jetpack_post_was_ever_published":false,"_jetpack_newsletter_access":"","_jetpack_dont_email_post_to_subs":false,"_jetpack_newsletter_tier_id":0,"_jetpack_memberships_contains_paywalled_content":false,"_jetpack_memberships_contains_paid_content":false,"footnotes":""},"categories":[352,3,13],"tags":[343],"class_list":["post-2100","post","type-post","status-publish","format-standard","hentry","category-artigos","category-blog","category-sustentabilidade","tag-petrobras"],"jetpack_featured_media_url":"","jetpack_shortlink":"https:\/\/wp.me\/p8yInB-xS","jetpack-related-posts":[{"id":2061,"url":"https:\/\/efagundes.com\/artigos\/a-saida-do-brasil-e-pelo-pacifico\/","url_meta":{"origin":2100,"position":0},"title":"A sa\u00edda do Brasil \u00e9 pelo Pac\u00edfico","author":"Eduardo Fagundes","date":"2 de novembro de 2015","format":false,"excerpt":"Uma boa parte dos pa\u00edses banhados pelo oceano Atl\u00e2ntico Sul est\u00e1 enfrentando dificuldades econ\u00f4micas e sociais. Podemos citar o Brasil, Venezuela, Argentina e Angola na \u00c1frica. Por outro lado, os pa\u00edses banhados pelo oceano Pac\u00edfico est\u00e3o prosperando, como os Estados Unidos, M\u00e9xico, Jap\u00e3o e os nossos vizinhos Chile, Peru e\u2026","rel":"","context":"Em &quot;Artigos&quot;","block_context":{"text":"Artigos","link":"https:\/\/efagundes.com\/artigos\/category\/artigos\/"},"img":{"alt_text":"","src":"","width":0,"height":0},"classes":[]},{"id":1184,"url":"https:\/\/efagundes.com\/artigos\/autoproducao-e-mercado-livre-de-energia\/","url_meta":{"origin":2100,"position":1},"title":"Autoprodu\u00e7\u00e3o e Mercado Livre de Energia uma estrat\u00e9gia de continuidade de neg\u00f3cios","author":"Eduardo Fagundes","date":"8 de dezembro de 2014","format":false,"excerpt":"Imagine investir R$1,4 bilh\u00f5es em uma nova f\u00e1brica e deixar de operar por falta de energia. Ainda, como enfrentar o desafio de reduzir as emiss\u00f5es de gases de efeito estufa diminuindo custos e aumentando a produtividade. A solu\u00e7\u00e3o da Holcim, multinacional do setor de cimentos, foi contratar 55MW m\u00e9dios por\u2026","rel":"","context":"Em &quot;Artigos&quot;","block_context":{"text":"Artigos","link":"https:\/\/efagundes.com\/artigos\/category\/artigos\/"},"img":{"alt_text":"","src":"","width":0,"height":0},"classes":[]},{"id":2039,"url":"https:\/\/efagundes.com\/artigos\/o-brasil-esta-a-caminho-do-seu-melhor-momento\/","url_meta":{"origin":2100,"position":2},"title":"O Brasil est\u00e1 a caminho do seu melhor momento","author":"Eduardo Fagundes","date":"24 de julho de 2015","format":false,"excerpt":"Em menos de 70 anos, a Alemanha e o Jap\u00e3o, destru\u00eddos na 2\u00aa guerra mundial, voltaram a ser pot\u00eancias econ\u00f4micas mundiais. O Jap\u00e3o destru\u00eddo por um Tsunami em 2011, incluindo o desastre na usina nuclear de Fukushima, conseguiu uma r\u00e1pida recupera\u00e7\u00e3o. Os Estados Unidos foram surpreendidos duas vezes pelos sovi\u00e9ticos\u2026","rel":"","context":"Em &quot;Artigos&quot;","block_context":{"text":"Artigos","link":"https:\/\/efagundes.com\/artigos\/category\/artigos\/"},"img":{"alt_text":"","src":"","width":0,"height":0},"classes":[]},{"id":2035,"url":"https:\/\/efagundes.com\/artigos\/o-desafio-das-empresas-cidades-e-campo-nas-proximas-decadas\/","url_meta":{"origin":2100,"position":3},"title":"O desafio das empresas, cidades e campo nas pr\u00f3ximas d\u00e9cadas","author":"Eduardo Fagundes","date":"18 de julho de 2015","format":false,"excerpt":"Em 2008, atingimos a marca hist\u00f3rica de igualar o n\u00famero de habitantes nas cidades e no campo, mundialmente. Em 2050, estima-se que 7 entre 10 habitantes estar\u00e3o nas cidades, ou seja, \u00e9 esperado um crescimento de 3,6 bilh\u00f5es de pessoas atualmente que vivem nas cidades para mais de 6 bilh\u00f5es\u2026","rel":"","context":"Em &quot;Artigos&quot;","block_context":{"text":"Artigos","link":"https:\/\/efagundes.com\/artigos\/category\/artigos\/"},"img":{"alt_text":"","src":"","width":0,"height":0},"classes":[]},{"id":1982,"url":"https:\/\/efagundes.com\/artigos\/as-oportunidades-do-cloud-computing-e-big-data\/","url_meta":{"origin":2100,"position":4},"title":"As oportunidades do Cloud Computing e Big Data","author":"Eduardo Fagundes","date":"24 de abril de 2015","format":false,"excerpt":"Uma pesquisa do Worldwide Quarterly Cloud IT Infraestructure Tracker, da IDC, mostra que o custo total estimado em infraestrutura para Cloud Computing deve crescer 21% por ano, totalizando US$32 bilh\u00f5es em 2015. Segundo a pesquisa a infraestrutura para nuvens privadas de crescer 16% por ano, chegando a US$12 bilh\u00f5es e\u2026","rel":"","context":"Em &quot;Artigos&quot;","block_context":{"text":"Artigos","link":"https:\/\/efagundes.com\/artigos\/category\/artigos\/"},"img":{"alt_text":"","src":"","width":0,"height":0},"classes":[]},{"id":1263,"url":"https:\/\/efagundes.com\/artigos\/iot-big-data-analytics-e-os-servicos-de-saude\/","url_meta":{"origin":2100,"position":5},"title":"IoT, Big Data, Analytics e os Servi\u00e7os de Sa\u00fade","author":"Eduardo Fagundes","date":"27 de janeiro de 2015","format":false,"excerpt":"Como levar servi\u00e7os de sa\u00fade para mais de 9 bilh\u00f5es de habitantes em 2050? Como levar servi\u00e7os de sa\u00fade para regi\u00f5es remotas de baixa densidade populacional? Como diagnosticar doen\u00e7as em est\u00e1gios iniciais para salvar vidas e ao mesmo tempo reduzir os custos dos servi\u00e7os de sa\u00fade? Esses desafios s\u00f3 poder\u00e3o\u2026","rel":"","context":"Em &quot;Artigos&quot;","block_context":{"text":"Artigos","link":"https:\/\/efagundes.com\/artigos\/category\/artigos\/"},"img":{"alt_text":"","src":"","width":0,"height":0},"classes":[]}],"jetpack_sharing_enabled":true,"_links":{"self":[{"href":"https:\/\/efagundes.com\/artigos\/wp-json\/wp\/v2\/posts\/2100","targetHints":{"allow":["GET"]}}],"collection":[{"href":"https:\/\/efagundes.com\/artigos\/wp-json\/wp\/v2\/posts"}],"about":[{"href":"https:\/\/efagundes.com\/artigos\/wp-json\/wp\/v2\/types\/post"}],"author":[{"embeddable":true,"href":"https:\/\/efagundes.com\/artigos\/wp-json\/wp\/v2\/users\/1"}],"replies":[{"embeddable":true,"href":"https:\/\/efagundes.com\/artigos\/wp-json\/wp\/v2\/comments?post=2100"}],"version-history":[{"count":0,"href":"https:\/\/efagundes.com\/artigos\/wp-json\/wp\/v2\/posts\/2100\/revisions"}],"wp:attachment":[{"href":"https:\/\/efagundes.com\/artigos\/wp-json\/wp\/v2\/media?parent=2100"}],"wp:term":[{"taxonomy":"category","embeddable":true,"href":"https:\/\/efagundes.com\/artigos\/wp-json\/wp\/v2\/categories?post=2100"},{"taxonomy":"post_tag","embeddable":true,"href":"https:\/\/efagundes.com\/artigos\/wp-json\/wp\/v2\/tags?post=2100"}],"curies":[{"name":"wp","href":"https:\/\/api.w.org\/{rel}","templated":true}]}}