{"id":2103,"date":"2016-01-18T20:53:49","date_gmt":"2016-01-18T22:53:49","guid":{"rendered":"http:\/\/efagundes.com\/artigos\/?p=2103"},"modified":"2020-12-13T12:27:13","modified_gmt":"2020-12-13T15:27:13","slug":"a-4a-revolucao-industrial","status":"publish","type":"post","link":"https:\/\/efagundes.com\/artigos\/a-4a-revolucao-industrial\/","title":{"rendered":"A 4\u00aa Revolu\u00e7\u00e3o Industrial"},"content":{"rendered":"\n<p>N\u00e3o existem d\u00favidas que estamos entrando em uma nova revolu\u00e7\u00e3o industrial, a quarta na hist\u00f3ria da humanidade. A primeira em 1784, foi usado o poder do vapor de \u00e1gua para mecanizar a produ\u00e7\u00e3o. A segunda em 1870, a energia el\u00e9trica foi utilizada para a produ\u00e7\u00e3o em massa. A terceira em 1969, a tecnologia da informa\u00e7\u00e3o automatizou a produ\u00e7\u00e3o. A quarta revolu\u00e7\u00e3o ser\u00e1 impulsionada pela fus\u00e3o de tecnologias nas esferas digital, f\u00edsica e biol\u00f3gica. Essa revolu\u00e7\u00e3o n\u00e3o \u00e9 um prolongamento da terceira, pois as transforma\u00e7\u00f5es s\u00e3o mais velozes, de maior alcance e trazem maior impacto na sociedade. As mudan\u00e7as est\u00e3o ocorrendo de forma exponencial e n\u00e3o mais linear, afetando a produ\u00e7\u00e3o e os modelos de governan\u00e7a e gest\u00e3o.<\/p>\n\n\n\n<p>Com bilh\u00f5es de pessoas conectadas atrav\u00e9s de dispositivos m\u00f3veis, com acesso a um poder de processamento sem precedentes e capacidade de armazenamento, o conhecimento passa a ser ilimitado. Os avan\u00e7os tecnol\u00f3gicos ser\u00e3o ainda mais r\u00e1pidos com o uso de intelig\u00eancia artificial, rob\u00f3tica, Internet das Coisa (IoT), ve\u00edculos aut\u00f4nomos, impress\u00e3o 3D, nanotecnologia, biotecnologia, ci\u00eancia de materiais, armazenamento de energia e computa\u00e7\u00e3o qu\u00e2ntica.<\/p>\n\n\n\n<p>Todas essas tecnologias integradas criar\u00e3o novas gera\u00e7\u00f5es de produtos e servi\u00e7os em precedentes: novos medicamentos, novos materiais usando biologia sint\u00e9tica com simbiose entre microrganismos, e mudando at\u00e9 os nossos conceitos de alimenta\u00e7\u00e3o e nossas habita\u00e7\u00f5es.<\/p>\n\n\n\n<p>Essa revolu\u00e7\u00e3o no longo prazo, reduzir\u00e1 o custo do transporte, de comunica\u00e7\u00e3o, de log\u00edstica e das cadeias de fornecimento, pelo consider\u00e1vel ganho de produtividade. Isso abrir\u00e1 novos mercados e impulsionar\u00e1 o crescimento econ\u00f4mico.<\/p>\n\n\n\n<p>Por outro lado, existe o risco de aumentarmos a desigualdade social. A automa\u00e7\u00e3o substitui o trabalhador pelas m\u00e1quinas, embora gere empregos mais qualificados com maior remunera\u00e7\u00e3o. Entretanto, pode criar uma segmenta\u00e7\u00e3o severa dos trabalhadores, aqueles que baixa qualifica\u00e7\u00e3o\/baixa remunera\u00e7\u00e3o e aqueles com alta qualifica\u00e7\u00e3o\/alta remunera\u00e7\u00e3o, podendo surgir o aumento de tens\u00f5es sociais.<\/p>\n\n\n\n<p>Os maiores beneficiados ser\u00e3o pessoas e empresas inovadoras que usar\u00e3o seu conhecimento e capital de investidores para aumentar ainda a riqueza dos ricos, aumentando ainda mais a dist\u00e2ncia entre o capital e o trabalho.<\/p>\n\n\n\n<p>Essa situa\u00e7\u00e3o torna os trabalhadores ainda mais desiludidos e com medo do futuro. Mesmo a classe m\u00e9dia atual est\u00e1 insatisfeita com a injusti\u00e7a da desigualdade social.<\/p>\n\n\n\n<p>No lado dos empres\u00e1rios, eles est\u00e3o percebendo que as novas tecnologias geram produtos e servi\u00e7os totalmente diferentes que perturbam, significativamente, as atuais cadeias de valor da ind\u00fastria. As plataformas digitais de pesquisa, desenvolvimento, marketing, vendas e distribui\u00e7\u00e3o derrubam os processos tradicionais e estabelecidos com muito mais qualidade, velocidade e pre\u00e7os mais atraentes.<\/p>\n\n\n\n<p>Uma tend\u00eancia nesse novo cen\u00e1rio \u00e9 a substitui\u00e7\u00e3o do \u201cpossuir\u201d pelo \u201ccompartilhar\u201d. As plataformas digitais alteram os ambientes pessoais e profissionais das pessoas, permitindo a multiplica\u00e7\u00e3o de novos servi\u00e7os, como o Uber.<\/p>\n\n\n\n<p>Nesse contexto, os governos n\u00e3o conseguem adaptar a legisla\u00e7\u00e3o e os servi\u00e7os p\u00fablicos, como sistemas de vigil\u00e2ncia e regulamenta\u00e7\u00e3o de novos servi\u00e7os, gerando insatisfa\u00e7\u00e3o e sentimento de incompet\u00eancia pela popula\u00e7\u00e3o. Talvez, um dos maiores impactos ser\u00e1 na seguran\u00e7a nacional, atrav\u00e9s da guerra cibern\u00e9tica.<\/p>\n\n\n\n<p>A quarta revolu\u00e7\u00e3o industrial trar\u00e1 um impacto enorme nas profiss\u00f5es e na forma de ensino. Muitas profiss\u00f5es e habilidades desenvolvidas e que ainda est\u00e3o sendo ensinadas nas escolas e Universidade cair\u00e3o em desuso. O desafio \u00e9 saber como recuperar o tempo perdido e se reinventar como profissional para manipular as novas tecnologias em um novo ambiente de trabalho.<\/p>\n\n\n\n<p>A boa not\u00edcia \u00e9 que a humanidade j\u00e1 passou por tr\u00eas revolu\u00e7\u00f5es industriais e as pessoas sobreviveram se adequando as novas tecnologias e pr\u00e1ticas de neg\u00f3cios. Obviamente, quem come\u00e7ar sua transforma\u00e7\u00e3o antes ter\u00e1 mais chances de competir e ocupar um lugar de destaque na nova economia.<\/p>\n","protected":false},"excerpt":{"rendered":"<p>N\u00e3o existem d\u00favidas que estamos entrando em uma nova revolu\u00e7\u00e3o industrial, a quarta na hist\u00f3ria da humanidade. A primeira em 1784, foi usado o poder do vapor de \u00e1gua para mecanizar a produ\u00e7\u00e3o. A segunda em 1870, a energia el\u00e9trica foi utilizada para a produ\u00e7\u00e3o em massa. A terceira em 1969, a tecnologia da informa\u00e7\u00e3o [&hellip;]<\/p>\n","protected":false},"author":1,"featured_media":0,"comment_status":"closed","ping_status":"closed","sticky":false,"template":"","format":"standard","meta":{"jetpack_post_was_ever_published":false,"_jetpack_newsletter_access":"","_jetpack_dont_email_post_to_subs":false,"_jetpack_newsletter_tier_id":0,"_jetpack_memberships_contains_paywalled_content":false,"_jetpack_memberships_contains_paid_content":false,"footnotes":""},"categories":[352,3,326],"tags":[],"class_list":["post-2103","post","type-post","status-publish","format-standard","hentry","category-artigos","category-blog","category-iot"],"jetpack_featured_media_url":"","jetpack_shortlink":"https:\/\/wp.me\/p8yInB-xV","jetpack-related-posts":[{"id":2297,"url":"https:\/\/efagundes.com\/artigos\/a-retomada-da-industria-no-brasil-sera-baseada-na-quarta-revolucao-industria\/","url_meta":{"origin":2103,"position":0},"title":"A retomada da ind\u00fastria no Brasil ser\u00e1 baseada na quarta revolu\u00e7\u00e3o ind\u00fastria","author":"Eduardo Fagundes","date":"19 de novembro de 2016","format":false,"excerpt":"Acredito que a partir de 2019 o cen\u00e1rio pol\u00edtico e econ\u00f4mico estar\u00e1 atrativo para estimular investimentos na ind\u00fastria. Os novos projetos devem contemplar os novos paradigmas do mercado, como o consumo sustent\u00e1vel e prefer\u00eancia por produtos personalizados dos mais jovens e gastos mais comedidos dos mais velhos para garantir uma\u2026","rel":"","context":"Em &quot;Artigos&quot;","block_context":{"text":"Artigos","link":"https:\/\/efagundes.com\/artigos\/category\/artigos\/"},"img":{"alt_text":"","src":"","width":0,"height":0},"classes":[]},{"id":2261,"url":"https:\/\/efagundes.com\/artigos\/o-desafio-do-crescimento-do-brasil-sera-vencido-atraves-da-produtividade-e-criatividade\/","url_meta":{"origin":2103,"position":1},"title":"O desafio do crescimento do Brasil ser\u00e1 vencido atrav\u00e9s da produtividade e criatividade","author":"Eduardo Fagundes","date":"5 de setembro de 2016","format":false,"excerpt":"Parece que existem dois consensos entre os economistas, a necessidade de um ajuste fiscal e o aumento da produtividade da ind\u00fastria. A previd\u00eancia \u00e9 uma bomba rel\u00f3gio que se n\u00e3o desarmada agora destruir\u00e1 a aposentadoria no futuro. De dezembro de 2014 at\u00e9 agosto de 2016 a massa trabalhadora perdeu R$10\u2026","rel":"","context":"Em &quot;Artigos&quot;","block_context":{"text":"Artigos","link":"https:\/\/efagundes.com\/artigos\/category\/artigos\/"},"img":{"alt_text":"rede-massa-trabalhadora-1","src":"https:\/\/i0.wp.com\/efagundes.com\/artigos\/wp-content\/uploads\/sites\/2\/2016\/09\/rede-massa-trabalhadora-1.png?resize=350%2C200","width":350,"height":200},"classes":[]},{"id":2267,"url":"https:\/\/efagundes.com\/artigos\/um-supply-chain-transparente-e-etico-usando-tecnologia-blockchain\/","url_meta":{"origin":2103,"position":2},"title":"Um Supply Chain transparente e \u00e9tico usando tecnologia blockchain","author":"Eduardo Fagundes","date":"8 de setembro de 2016","format":false,"excerpt":"Hoje a transpar\u00eancia e a \u00e9tica nas rela\u00e7\u00f5es entre governos, pessoas e empresas s\u00e3o fundamentais para o desenvolvimento sustent\u00e1vel. Os objetivos de desenvolvimento sustent\u00e1veis (ODS) das Na\u00e7\u00f5es Unidas nos desafiam a buscar solu\u00e7\u00f5es para melhorar a qualidade de vida das pessoas e a\u00e7\u00f5es efetivas para reduzir os impactos das mudan\u00e7as\u2026","rel":"","context":"Em &quot;Artigos&quot;","block_context":{"text":"Artigos","link":"https:\/\/efagundes.com\/artigos\/category\/artigos\/"},"img":{"alt_text":"","src":"","width":0,"height":0},"classes":[]},{"id":2039,"url":"https:\/\/efagundes.com\/artigos\/o-brasil-esta-a-caminho-do-seu-melhor-momento\/","url_meta":{"origin":2103,"position":3},"title":"O Brasil est\u00e1 a caminho do seu melhor momento","author":"Eduardo Fagundes","date":"24 de julho de 2015","format":false,"excerpt":"Em menos de 70 anos, a Alemanha e o Jap\u00e3o, destru\u00eddos na 2\u00aa guerra mundial, voltaram a ser pot\u00eancias econ\u00f4micas mundiais. O Jap\u00e3o destru\u00eddo por um Tsunami em 2011, incluindo o desastre na usina nuclear de Fukushima, conseguiu uma r\u00e1pida recupera\u00e7\u00e3o. Os Estados Unidos foram surpreendidos duas vezes pelos sovi\u00e9ticos\u2026","rel":"","context":"Em &quot;Artigos&quot;","block_context":{"text":"Artigos","link":"https:\/\/efagundes.com\/artigos\/category\/artigos\/"},"img":{"alt_text":"","src":"","width":0,"height":0},"classes":[]},{"id":1252,"url":"https:\/\/efagundes.com\/artigos\/a-digitalizacao-da-operacao\/","url_meta":{"origin":2103,"position":4},"title":"A Digitaliza\u00e7\u00e3o da Opera\u00e7\u00e3o","author":"Eduardo Fagundes","date":"22 de janeiro de 2015","format":false,"excerpt":"A introdu\u00e7\u00e3o das tecnologias na ind\u00fastria \u00e9 feita em ondas. A Internet tem gerado v\u00e1rias ondas, come\u00e7ou com B2C (Business-to-Consumer), B2B (Business-to-Bussiness) e eGov (Governo Eletr\u00f4nico). Avan\u00e7ou para dispositivos m\u00f3veis (smartphones, tablets, console de games), ou seja, a Internet est\u00e1 em todos os lugares \u2013 Internet Everywhere. Agora chegou a\u2026","rel":"","context":"Em &quot;Artigos&quot;","block_context":{"text":"Artigos","link":"https:\/\/efagundes.com\/artigos\/category\/artigos\/"},"img":{"alt_text":"","src":"","width":0,"height":0},"classes":[]},{"id":2095,"url":"https:\/\/efagundes.com\/artigos\/energia-fotovoltaica-gerara-4-da-matriz-energetica-brasileira-ate-2024\/","url_meta":{"origin":2103,"position":5},"title":"Energia fotovoltaica gerar\u00e1 4% da matriz energ\u00e9tica brasileira at\u00e9 2024","author":"Eduardo Fagundes","date":"14 de janeiro de 2016","format":false,"excerpt":"Estima-se que a energia fotovoltaica, gerada a partir de pain\u00e9is solares, produzir\u00e1 7 GW (giga watts) de eletricidade at\u00e9 2024, metade da energia produzida pela Usina de Itaipu. Em 2015 houve um crescimento de 300% da micro e mini gera\u00e7\u00e3o, produ\u00e7\u00e3o independente at\u00e9 1MWp. Espera-se contrata\u00e7\u00f5es na ordem de R$8\u2026","rel":"","context":"Em &quot;Artigos&quot;","block_context":{"text":"Artigos","link":"https:\/\/efagundes.com\/artigos\/category\/artigos\/"},"img":{"alt_text":"","src":"https:\/\/i0.wp.com\/efagundes.com\/artigos\/wp-content\/uploads\/sites\/2\/2016\/01\/mapa-energia-solar-no-brasil.jpg?resize=350%2C200&ssl=1","width":350,"height":200,"srcset":"https:\/\/i0.wp.com\/efagundes.com\/artigos\/wp-content\/uploads\/sites\/2\/2016\/01\/mapa-energia-solar-no-brasil.jpg?resize=350%2C200&ssl=1 1x, https:\/\/i0.wp.com\/efagundes.com\/artigos\/wp-content\/uploads\/sites\/2\/2016\/01\/mapa-energia-solar-no-brasil.jpg?resize=525%2C300&ssl=1 1.5x, https:\/\/i0.wp.com\/efagundes.com\/artigos\/wp-content\/uploads\/sites\/2\/2016\/01\/mapa-energia-solar-no-brasil.jpg?resize=700%2C400&ssl=1 2x, https:\/\/i0.wp.com\/efagundes.com\/artigos\/wp-content\/uploads\/sites\/2\/2016\/01\/mapa-energia-solar-no-brasil.jpg?resize=1050%2C600&ssl=1 3x, https:\/\/i0.wp.com\/efagundes.com\/artigos\/wp-content\/uploads\/sites\/2\/2016\/01\/mapa-energia-solar-no-brasil.jpg?resize=1400%2C800&ssl=1 4x"},"classes":[]}],"jetpack_sharing_enabled":true,"_links":{"self":[{"href":"https:\/\/efagundes.com\/artigos\/wp-json\/wp\/v2\/posts\/2103","targetHints":{"allow":["GET"]}}],"collection":[{"href":"https:\/\/efagundes.com\/artigos\/wp-json\/wp\/v2\/posts"}],"about":[{"href":"https:\/\/efagundes.com\/artigos\/wp-json\/wp\/v2\/types\/post"}],"author":[{"embeddable":true,"href":"https:\/\/efagundes.com\/artigos\/wp-json\/wp\/v2\/users\/1"}],"replies":[{"embeddable":true,"href":"https:\/\/efagundes.com\/artigos\/wp-json\/wp\/v2\/comments?post=2103"}],"version-history":[{"count":0,"href":"https:\/\/efagundes.com\/artigos\/wp-json\/wp\/v2\/posts\/2103\/revisions"}],"wp:attachment":[{"href":"https:\/\/efagundes.com\/artigos\/wp-json\/wp\/v2\/media?parent=2103"}],"wp:term":[{"taxonomy":"category","embeddable":true,"href":"https:\/\/efagundes.com\/artigos\/wp-json\/wp\/v2\/categories?post=2103"},{"taxonomy":"post_tag","embeddable":true,"href":"https:\/\/efagundes.com\/artigos\/wp-json\/wp\/v2\/tags?post=2103"}],"curies":[{"name":"wp","href":"https:\/\/api.w.org\/{rel}","templated":true}]}}