{"id":22,"date":"2011-12-22T14:04:00","date_gmt":"2011-12-22T16:04:00","guid":{"rendered":"http:\/\/efagundes.com\/itgov\/?p=22"},"modified":"2016-09-03T07:43:05","modified_gmt":"2016-09-03T10:43:05","slug":"gerenciamento-do-nivel-de-servico","status":"publish","type":"post","link":"https:\/\/efagundes.com\/artigos\/gerenciamento-do-nivel-de-servico\/","title":{"rendered":"Gerenciamento do N\u00edvel de Servi\u00e7o"},"content":{"rendered":"<p>O gerenciamento do n\u00edvel de servi\u00e7o \u00e9 a fundamental para garantir que os recursos de TI e telecomunica\u00e7\u00f5es estejam dispon\u00edveis dentro dos par\u00e2metros necess\u00e1rios para o bom funcionamento dos processos de neg\u00f3cios.<\/p>\n<p>Os n\u00edveis de servi\u00e7os s\u00e3o negociados com os gestores das \u00e1reas de neg\u00f3cios e estabelecidos os acordos de servi\u00e7os, os SLAs. Em um ambiente de cloud computing os n\u00edveis de servi\u00e7os est\u00e3o fortemente atrelados aos servi\u00e7os do provedor de servi\u00e7os. Uma sele\u00e7\u00e3o criteriosa e um bom contrato devem ser feitos para evitar problemas futuros. Isso significa que uma sele\u00e7\u00e3o de provedor de servi\u00e7os apenas pela componente pre\u00e7o n\u00e3o \u00e9 melhor alternativa.<\/p>\n<p>As melhores pr\u00e1ticas de gest\u00e3o indicam que \u00e9 necess\u00e1rio ter um monitoramento dos n\u00edveis de servi\u00e7o de forma independente do provedor de servi\u00e7os. Em outras palavras, a empresa deve criar um procedimento para avaliar os SLAs do provedor para comparar com os relat\u00f3rios emitidos por eles.<\/p>\n<p>&nbsp;<\/p>\n","protected":false},"excerpt":{"rendered":"<p>O gerenciamento do n\u00edvel de servi\u00e7o \u00e9 a fundamental para garantir que os recursos de TI e telecomunica\u00e7\u00f5es estejam dispon\u00edveis dentro dos par\u00e2metros necess\u00e1rios para o bom funcionamento dos processos de neg\u00f3cios. Os n\u00edveis de servi\u00e7os s\u00e3o negociados com os gestores das \u00e1reas de neg\u00f3cios e estabelecidos os acordos de servi\u00e7os, os SLAs. Em um [&hellip;]<\/p>\n","protected":false},"author":1,"featured_media":0,"comment_status":"open","ping_status":"closed","sticky":false,"template":"","format":"standard","meta":{"jetpack_post_was_ever_published":false,"_jetpack_newsletter_access":"","_jetpack_dont_email_post_to_subs":false,"_jetpack_newsletter_tier_id":0,"_jetpack_memberships_contains_paywalled_content":false,"_jetpack_memberships_contains_paid_content":false,"footnotes":""},"categories":[352,3],"tags":[134,269],"class_list":["post-22","post","type-post","status-publish","format-standard","hentry","category-artigos","category-blog","tag-gerenciamento-do-nivel-de-servico","tag-sla"],"jetpack_featured_media_url":"","jetpack_shortlink":"https:\/\/wp.me\/p8yInB-m","jetpack-related-posts":[{"id":18,"url":"https:\/\/efagundes.com\/artigos\/gerenciamento-de-mudancas\/","url_meta":{"origin":22,"position":0},"title":"Gerenciamento de Mudan\u00e7as","author":"Eduardo Fagundes","date":"22 de dezembro de 2011","format":false,"excerpt":"O processo de gerenciamento de mudan\u00e7as deve assegurar que todas as altera\u00e7\u00f5es planejadas na configura\u00e7\u00e3o do ambiente sejam realizadas conforme o plano e com suas devidas autoriza\u00e7\u00f5es. O objetivo maior \u00e9 garantir a continuidade dos processos de neg\u00f3cios sem nenhum impacto por problemas relacionados a TI e telecomunica\u00e7\u00f5es. A complexidade\u2026","rel":"","context":"Em &quot;Artigos&quot;","block_context":{"text":"Artigos","link":"https:\/\/efagundes.com\/artigos\/category\/artigos\/"},"img":{"alt_text":"","src":"","width":0,"height":0},"classes":[]},{"id":20,"url":"https:\/\/efagundes.com\/artigos\/gerenciamento-de-liberacao\/","url_meta":{"origin":22,"position":1},"title":"Gerenciamento de Libera\u00e7\u00e3o","author":"Eduardo Fagundes","date":"22 de dezembro de 2011","format":false,"excerpt":"O gerenciamento de libera\u00e7\u00e3o \u00e9 o processo respons\u00e1vel por implantar em produ\u00e7\u00e3o uma mudan\u00e7a planejada devidamente testada e autorizada sem gerar impacto negativo para os processos de neg\u00f3cio da empresa. Qualquer mudan\u00e7a na infraestrutura do provedor de servi\u00e7os deve ser testada e validada pelos usu\u00e1rios dos servi\u00e7os. Esse procedimento cria\u2026","rel":"","context":"Em &quot;Artigos&quot;","block_context":{"text":"Artigos","link":"https:\/\/efagundes.com\/artigos\/category\/artigos\/"},"img":{"alt_text":"","src":"","width":0,"height":0},"classes":[]},{"id":14,"url":"https:\/\/efagundes.com\/artigos\/gerenciamento-de-incidentes\/","url_meta":{"origin":22,"position":2},"title":"Gerenciamento de Incidentes","author":"Eduardo Fagundes","date":"22 de dezembro de 2011","format":false,"excerpt":"O processo de incidentes trata os problemas conhecidos e que j\u00e1 possuem procedimentos de solu\u00e7\u00e3o dentro de\u00a0par\u00e2metros\u00a0de servi\u00e7os previamente acordados. Um incidente pode gerar um impacto nos processos de neg\u00f3cio da empresa ou apenas no ambiente do provedor de servi\u00e7os de cloud computing. Nesse caso deve-se definir como ser\u00e1 o\u2026","rel":"","context":"Em &quot;Artigos&quot;","block_context":{"text":"Artigos","link":"https:\/\/efagundes.com\/artigos\/category\/artigos\/"},"img":{"alt_text":"","src":"","width":0,"height":0},"classes":[]},{"id":12,"url":"https:\/\/efagundes.com\/artigos\/ativos-e-gerenciamento-de-configuracao\/","url_meta":{"origin":22,"position":3},"title":"Ativos e Gerenciamento de Configura\u00e7\u00e3o","author":"Eduardo Fagundes","date":"22 de dezembro de 2011","format":false,"excerpt":"O processo de gerenciamento de ativos e configura\u00e7\u00e3o busca a melhor rela\u00e7\u00e3o custo\/benef\u00edcio para os recursos de TI e telecomunica\u00e7\u00f5es colocados a disposi\u00e7\u00e3o da empresa. O processo deve oferecer \u00a0informa\u00e7\u00f5es completas e atualizadas sobre os ativos, suas especifica\u00e7\u00f5es t\u00e9cnicas e funcionais, sobre as equipes e gestores respons\u00e1veis pela entregas dos\u2026","rel":"","context":"Em &quot;Artigos&quot;","block_context":{"text":"Artigos","link":"https:\/\/efagundes.com\/artigos\/category\/artigos\/"},"img":{"alt_text":"","src":"","width":0,"height":0},"classes":[]},{"id":28,"url":"https:\/\/efagundes.com\/artigos\/gerenciamento-da-disponibilidade\/","url_meta":{"origin":22,"position":4},"title":"Gerenciamento da Disponibilidade","author":"Eduardo Fagundes","date":"27 de dezembro de 2011","format":false,"excerpt":"Gerenciar a disponibilidade dos servi\u00e7os de TI \u00e9 fundamental para avaliar se os objetivos do neg\u00f3cios est\u00e3o sendo atendidos de acordo com os n\u00edveis de servi\u00e7os (SLA) assinados. Normalmente, a disponibilidade \u00e9 calculada pela m\u00e9dia do per\u00edodo negociado no SLA. Considera-se o per\u00edodo onde possa haver impacto nos neg\u00f3cios da\u2026","rel":"","context":"Em &quot;Artigos&quot;","block_context":{"text":"Artigos","link":"https:\/\/efagundes.com\/artigos\/category\/artigos\/"},"img":{"alt_text":"","src":"","width":0,"height":0},"classes":[]},{"id":169,"url":"https:\/\/efagundes.com\/artigos\/os-data-centers-agora-sao-os-protagonistas\/","url_meta":{"origin":22,"position":5},"title":"Os data centers agora s\u00e3o os protagonistas","author":"Eduardo Fagundes","date":"7 de julho de 2013","format":false,"excerpt":"Os data centers sa\u00edram dos bastidores e viraram protagonistas nos neg\u00f3cios. Antes estavam escondidos em alguma sala de inform\u00e1tica nas empresas, hoje s\u00e3o instala\u00e7\u00f5es que abrigam uma complexa e cara infraestrutura de TI que necessitam de sofisticados sistemas de refrigera\u00e7\u00e3o e energia. Em fun\u00e7\u00e3o dessa complexidade muitas empresas decidem usar\u2026","rel":"","context":"Em &quot;Artigos&quot;","block_context":{"text":"Artigos","link":"https:\/\/efagundes.com\/artigos\/category\/artigos\/"},"img":{"alt_text":"figura-pue-pesquisa-uptime","src":"https:\/\/i0.wp.com\/efagundes.com\/artigos\/wp-content\/uploads\/sites\/2\/2013\/07\/figura-pue-pesquisa-uptime.png?resize=350%2C200","width":350,"height":200},"classes":[]}],"jetpack_sharing_enabled":true,"_links":{"self":[{"href":"https:\/\/efagundes.com\/artigos\/wp-json\/wp\/v2\/posts\/22","targetHints":{"allow":["GET"]}}],"collection":[{"href":"https:\/\/efagundes.com\/artigos\/wp-json\/wp\/v2\/posts"}],"about":[{"href":"https:\/\/efagundes.com\/artigos\/wp-json\/wp\/v2\/types\/post"}],"author":[{"embeddable":true,"href":"https:\/\/efagundes.com\/artigos\/wp-json\/wp\/v2\/users\/1"}],"replies":[{"embeddable":true,"href":"https:\/\/efagundes.com\/artigos\/wp-json\/wp\/v2\/comments?post=22"}],"version-history":[{"count":0,"href":"https:\/\/efagundes.com\/artigos\/wp-json\/wp\/v2\/posts\/22\/revisions"}],"wp:attachment":[{"href":"https:\/\/efagundes.com\/artigos\/wp-json\/wp\/v2\/media?parent=22"}],"wp:term":[{"taxonomy":"category","embeddable":true,"href":"https:\/\/efagundes.com\/artigos\/wp-json\/wp\/v2\/categories?post=22"},{"taxonomy":"post_tag","embeddable":true,"href":"https:\/\/efagundes.com\/artigos\/wp-json\/wp\/v2\/tags?post=22"}],"curies":[{"name":"wp","href":"https:\/\/api.w.org\/{rel}","templated":true}]}}