{"id":2271,"date":"2016-09-17T13:06:16","date_gmt":"2016-09-17T16:06:16","guid":{"rendered":"http:\/\/efagundes.com\/artigos\/?p=2271"},"modified":"2016-12-23T08:09:50","modified_gmt":"2016-12-23T10:09:50","slug":"a-geracao-distribuida-substituira-o-mercado-livre-de-energia","status":"publish","type":"post","link":"https:\/\/efagundes.com\/artigos\/a-geracao-distribuida-substituira-o-mercado-livre-de-energia\/","title":{"rendered":"A Gera\u00e7\u00e3o Distribu\u00edda substituir\u00e1 o Mercado Livre de energia?"},"content":{"rendered":"<p>A Resolu\u00e7\u00e3o Normativa n\u00ba 687\/2015 da Aneel que trata sobre a gera\u00e7\u00e3o distribu\u00edda, atualiza\u00e7\u00e3o da resolu\u00e7\u00e3o n\u00ba 482, cria enormes oportunidades para novos modelos de neg\u00f3cios e projetos de gera\u00e7\u00e3o de energia, principalmente na gera\u00e7\u00e3o fotovoltaica. Esse novo cen\u00e1rio regulat\u00f3rio de gera\u00e7\u00e3o distribu\u00edda (GD) pode superar o modelo atual de comercializa\u00e7\u00e3o do Mercado Livre de energia.<\/p>\n<p>A nova resolu\u00e7\u00e3o define como microgera\u00e7\u00e3o de energia at\u00e9 75kWp e a minigera\u00e7\u00e3o at\u00e9 3.000kW para fontes h\u00eddricas e at\u00e9 5.000kWp para fontes renov\u00e1veis (biomassa, e\u00f3lica e fotovoltaica). Tamb\u00e9m, cria a oportunidade para consumidores se reunirem em cooperativas e cons\u00f3rcios, e ainda permite o consumo remoto.<!--more--><\/p>\n<p>O atual paradigma do setor el\u00e9trico \u00e9 incentivar as fontes renov\u00e1veis, como e\u00f3lica e fotovoltaica, e usinas a fio d\u2019\u00e1gua, para cumprir compromissos ambientais internacionais assumidos pelo pa\u00eds. Em novembro de 2015, o Brasil apresentou a meta de diminuir as emiss\u00f5es de gases de efeito estufa em 37% at\u00e9 2025 e em 43% at\u00e9 2030, tendo 2005 como ano-base. Comprometeu-se ainda com o fim do desmatamento ilegal na Amaz\u00f4nia, a restaura\u00e7\u00e3o e reflorestamento de 12 milh\u00f5es de hectares, a recupera\u00e7\u00e3o de 15 milh\u00f5es de hectares de pastagens degradadas e o alcance de 45% na participa\u00e7\u00e3o de energias renov\u00e1veis na composi\u00e7\u00e3o da matriz energ\u00e9tica.<\/p>\n<p>\u00c9 fato que as usinas hidrel\u00e9tricas com grandes lagos de reserva est\u00e3o enfrentando restri\u00e7\u00f5es devidos as mudan\u00e7as clim\u00e1ticas. Segundo o ONS \u2013 Operador Nacional do Sistema \u2013 em 15\/9\/2016 os reservat\u00f3rios apresentavam os seguintes n\u00edveis: Regi\u00e3o Sudeste\/Centro-Oeste \u2013 43,65%; Regi\u00e3o Sul \u2013 92,25%; Regi\u00e3o Nordeste \u2013 16,82%; e, Regi\u00e3o Norte \u2013 43,84%.<\/p>\n<p>Infelizmente, a Regi\u00e3o Nordeste n\u00e3o apresenta apenas problemas h\u00eddricos, mas tamb\u00e9m problemas com os ventos. Os parques e\u00f3licos v\u00eam apresentando redu\u00e7\u00f5es significativas de produ\u00e7\u00e3o nos \u00faltimos meses. Nos tr\u00eas primeiros meses de 2016 a produ\u00e7\u00e3o foi de 39% (janeiro), 62% (fevereiro) e 60% (mar\u00e7o).<\/p>\n<p>Nesse cen\u00e1rio \u00e9 inevit\u00e1vel o uso de gera\u00e7\u00e3o t\u00e9rmica, poluente e cara. Isso deve elevar o pre\u00e7o da energia quando forem declaradas as bandeiras amarela e vermelha. O PLD \u2013 Pre\u00e7o de Liquida\u00e7\u00e3o das Diferen\u00e7as \u2013 deve aumentar tamb\u00e9m.<\/p>\n<p>Muitas empresas compraram geradores a diesel para acion\u00e1-los nos hor\u00e1rios de tarifas mais cara e como conting\u00eancia em caso de falta de energia. A Aneel e ONS estimam existir cerca de 8,8 GW dispon\u00edveis nas empresas. Inclusive existe um estudo para acionar esses geradores a diesel em situa\u00e7\u00f5es de emerg\u00eancia para reduzir a gera\u00e7\u00e3o das usinas do SIN \u2013 Sistema Integrado Nacional. Entretanto, a gera\u00e7\u00e3o a partir do diesel prejudica os programas de sustentabilidade ambiental das empresas, comprometendo seus compromissos volunt\u00e1rios de redu\u00e7\u00e3o da emiss\u00e3o de gases do efeito estufa.<\/p>\n<p>Existem informa\u00e7\u00f5es no mercado que muitas empresas vencedoras dos \u00faltimos leil\u00f5es de energia renov\u00e1vel est\u00e3o com dificuldades para financiar seus projetos, com grandes chances de cancelarem os projetos. Caso isso se confirme, o planejamento energ\u00e9tico dos pr\u00f3ximos cinco anos poder\u00e1 ficar comprometido.<\/p>\n<p>Na InterSolar 2016, congresso e feira de energia solar fotovoltaica em S\u00e3o Paulo, observou-se o crescimento das ofertas de equipamentos no Brasil, inclusive v\u00e1rias empresas nacionais com produtos cadastrados no FINAME, ou \u201cfinamizados\u201d (sic), reduzindo os investimentos da micro e mini gera\u00e7\u00e3o de energia fotovoltaica.<\/p>\n<p>Nesse cen\u00e1rio, a op\u00e7\u00e3o pela constru\u00e7\u00e3o de uma planta de gera\u00e7\u00e3o fotovoltaica pode ser mais atraente, tanto do ponto vista de custo como estrat\u00e9gico, para as empresas. Do ponto de vista estrat\u00e9gico, atende a requisitos importantes, como: a redu\u00e7\u00e3o da emiss\u00e3o de gases de efeito estufa, garantia de fornecimento e pre\u00e7o em um horizonte de 25 anos. Como a resolu\u00e7\u00e3o n\u00ba 687 permite a gera\u00e7\u00e3o remota \u00e9 poss\u00edvel instalar os pain\u00e9is em terrenos afastados com menor custos por metro quadrado, desde que dentro da mesma \u00e1rea de concess\u00e3o da distribuidora de energia local.<\/p>\n<p>A gera\u00e7\u00e3o compartilhada de energia permite que pessoas e empresas, como em condom\u00ednios, possam se cotizar para realizar a constru\u00e7\u00e3o da planta de gera\u00e7\u00e3o.<\/p>\n<p>Como as distribuidoras de energia s\u00e3o obrigadas por lei a permitir o acoplamento das plantas de gera\u00e7\u00e3o distribu\u00edda, a redu\u00e7\u00e3o de custos \u00e9 assegurada, como tamb\u00e9m o fornecimento de energia.<\/p>\n<p>Resumindo, empresas e pessoas que pensam no longo prazo, provavelmente, ir\u00e3o optar por construir plantas de gera\u00e7\u00e3o distribu\u00edda ao inv\u00e9s de migrarem para o mercado livre de energia.<\/p>\n","protected":false},"excerpt":{"rendered":"<p>A Resolu\u00e7\u00e3o Normativa n\u00ba 687\/2015 da Aneel que trata sobre a gera\u00e7\u00e3o distribu\u00edda, atualiza\u00e7\u00e3o da resolu\u00e7\u00e3o n\u00ba 482, cria enormes oportunidades para novos modelos de neg\u00f3cios e projetos de gera\u00e7\u00e3o de energia, principalmente na gera\u00e7\u00e3o fotovoltaica. Esse novo cen\u00e1rio regulat\u00f3rio de gera\u00e7\u00e3o distribu\u00edda (GD) pode superar o modelo atual de comercializa\u00e7\u00e3o do Mercado Livre de [&hellip;]<\/p>\n","protected":false},"author":1,"featured_media":0,"comment_status":"open","ping_status":"open","sticky":false,"template":"","format":"standard","meta":{"jetpack_post_was_ever_published":false,"_jetpack_newsletter_access":"","_jetpack_dont_email_post_to_subs":false,"_jetpack_newsletter_tier_id":0,"_jetpack_memberships_contains_paywalled_content":false,"_jetpack_memberships_contains_paid_content":false,"footnotes":""},"categories":[352],"tags":[359,358,200],"class_list":["post-2271","post","type-post","status-publish","format-standard","hentry","category-artigos","tag-fotovoltaica","tag-geracao-distribuida","tag-mercado-livre-de-energia"],"jetpack_featured_media_url":"","jetpack_shortlink":"https:\/\/wp.me\/p8yInB-AD","jetpack-related-posts":[{"id":2095,"url":"https:\/\/efagundes.com\/artigos\/energia-fotovoltaica-gerara-4-da-matriz-energetica-brasileira-ate-2024\/","url_meta":{"origin":2271,"position":0},"title":"Energia fotovoltaica gerar\u00e1 4% da matriz energ\u00e9tica brasileira at\u00e9 2024","author":"Eduardo Fagundes","date":"14 de janeiro de 2016","format":false,"excerpt":"Estima-se que a energia fotovoltaica, gerada a partir de pain\u00e9is solares, produzir\u00e1 7 GW (giga watts) de eletricidade at\u00e9 2024, metade da energia produzida pela Usina de Itaipu. Em 2015 houve um crescimento de 300% da micro e mini gera\u00e7\u00e3o, produ\u00e7\u00e3o independente at\u00e9 1MWp. Espera-se contrata\u00e7\u00f5es na ordem de R$8\u2026","rel":"","context":"Em &quot;Artigos&quot;","block_context":{"text":"Artigos","link":"https:\/\/efagundes.com\/artigos\/category\/artigos\/"},"img":{"alt_text":"","src":"https:\/\/i0.wp.com\/efagundes.com\/artigos\/wp-content\/uploads\/sites\/2\/2016\/01\/mapa-energia-solar-no-brasil.jpg?resize=350%2C200&ssl=1","width":350,"height":200,"srcset":"https:\/\/i0.wp.com\/efagundes.com\/artigos\/wp-content\/uploads\/sites\/2\/2016\/01\/mapa-energia-solar-no-brasil.jpg?resize=350%2C200&ssl=1 1x, https:\/\/i0.wp.com\/efagundes.com\/artigos\/wp-content\/uploads\/sites\/2\/2016\/01\/mapa-energia-solar-no-brasil.jpg?resize=525%2C300&ssl=1 1.5x, https:\/\/i0.wp.com\/efagundes.com\/artigos\/wp-content\/uploads\/sites\/2\/2016\/01\/mapa-energia-solar-no-brasil.jpg?resize=700%2C400&ssl=1 2x, https:\/\/i0.wp.com\/efagundes.com\/artigos\/wp-content\/uploads\/sites\/2\/2016\/01\/mapa-energia-solar-no-brasil.jpg?resize=1050%2C600&ssl=1 3x, https:\/\/i0.wp.com\/efagundes.com\/artigos\/wp-content\/uploads\/sites\/2\/2016\/01\/mapa-energia-solar-no-brasil.jpg?resize=1400%2C800&ssl=1 4x"},"classes":[]},{"id":420,"url":"https:\/\/efagundes.com\/artigos\/o-desafio-do-consumo-de-energia-dos-data-centers-no-brasil\/","url_meta":{"origin":2271,"position":1},"title":"O desafio do consumo de energia dos Data Centers no Brasil","author":"Eduardo Fagundes","date":"28 de agosto de 2014","format":false,"excerpt":"O consumo total de energia dos data centers ocupa a sexta posi\u00e7\u00e3o no mundo se comparado ao consumo de pa\u00edses, perdendo apenas para a China, Estados Unidos, Jap\u00e3o, \u00cdndia e R\u00fassia (2011). Os recursos por mais processamento, armazenamento de dados e comunica\u00e7\u00f5es ir\u00e1 triplicar entre 2012 e 2017, crescendo de\u2026","rel":"","context":"Em &quot;Artigos&quot;","block_context":{"text":"Artigos","link":"https:\/\/efagundes.com\/artigos\/category\/artigos\/"},"img":{"alt_text":"","src":"","width":0,"height":0},"classes":[]},{"id":1240,"url":"https:\/\/efagundes.com\/artigos\/adote-uma-usina-de-energia-renovavel\/","url_meta":{"origin":2271,"position":2},"title":"Adote uma usina de energia renov\u00e1vel","author":"Eduardo Fagundes","date":"20 de janeiro de 2015","format":false,"excerpt":"O apag\u00e3o for\u00e7ado coordenado pelo Operador Nacional do Sistema (ONS) em 19 de janeiro de 2015, provou que o sistema el\u00e9trico brasileiro opera no limite e qualquer eleva\u00e7\u00e3o de demanda se torna inst\u00e1vel. A restri\u00e7\u00e3o de oferta atingiu as regi\u00f5es Sudeste, Centro-Oeste e Sul, ou seja, as regi\u00f5es de maior\u2026","rel":"","context":"Em &quot;Artigos&quot;","block_context":{"text":"Artigos","link":"https:\/\/efagundes.com\/artigos\/category\/artigos\/"},"img":{"alt_text":"","src":"","width":0,"height":0},"classes":[]},{"id":293,"url":"https:\/\/efagundes.com\/artigos\/o-impacto-das-bandeiras-tarifarias-no-custo-dos-data-centers\/","url_meta":{"origin":2271,"position":3},"title":"O impacto das bandeiras tarif\u00e1rias no custo dos data centers","author":"Eduardo Fagundes","date":"16 de dezembro de 2013","format":false,"excerpt":"A partir de Janeiro de 2014 o custo da energia no Brasil\u00a0para o consumidor final ir\u00e1 variar acompanhando o custo da gera\u00e7\u00e3o\u00a0no sistema integrado de energia. A energia \u00e9 cobrada por unidades de quilowatt\/hora (R$\/kWh) e depende da forma de gera\u00e7\u00e3o: h\u00eddrica,\u00a0t\u00e9rmica, e\u00f3lica ou solar. Atualmente, o maior custo \u00e9\u2026","rel":"","context":"Em &quot;Artigos&quot;","block_context":{"text":"Artigos","link":"https:\/\/efagundes.com\/artigos\/category\/artigos\/"},"img":{"alt_text":"","src":"","width":0,"height":0},"classes":[]},{"id":468,"url":"https:\/\/efagundes.com\/artigos\/aumento-do-custo-de-energia-para-os-data-centers-com-as-bandeiras-tarifarias\/","url_meta":{"origin":2271,"position":4},"title":"Aumento do custo de energia para os data centers com as bandeiras tarif\u00e1rias","author":"Eduardo Fagundes","date":"8 de outubro de 2014","format":false,"excerpt":"A Aneel publicou em outubro de 2014 as norma para o funcionamento do sistema de bandeiras tarif\u00e1rias para repassar para a conta de energia dos consumidores os gastos extras na gera\u00e7\u00e3o de energia pelas termoel\u00e9tricas. Essa medida ir\u00e1 trazer um custo adicional aos data centers que s\u00e3o grandes consumidores de\u2026","rel":"","context":"Em &quot;Artigos&quot;","block_context":{"text":"Artigos","link":"https:\/\/efagundes.com\/artigos\/category\/artigos\/"},"img":{"alt_text":"","src":"","width":0,"height":0},"classes":[]},{"id":341,"url":"https:\/\/efagundes.com\/artigos\/o-desafio-da-energia-para-os-data-center-e-o-compromisso-com-a-sustentabilidade\/","url_meta":{"origin":2271,"position":5},"title":"O desafio da energia para os data centers e o compromisso com a sustentabilidade","author":"Eduardo Fagundes","date":"3 de abril de 2014","format":false,"excerpt":"Em abril de 2014, o Greenpeace liberou um novo relat\u00f3rio sobre o uso de energia renov\u00e1vel pelos maiores data centers globais. Esse relat\u00f3rio apresenta um ranking dos data centers mais comprometidos com o uso de energia renov\u00e1vel com o objetivo de mitigar a emiss\u00e3o de gases do efeito estufa. O\u2026","rel":"","context":"Em &quot;Artigos&quot;","block_context":{"text":"Artigos","link":"https:\/\/efagundes.com\/artigos\/category\/artigos\/"},"img":{"alt_text":"figura-clean-data-center-greenpeace-april-2014","src":"https:\/\/i0.wp.com\/efagundes.com\/artigos\/wp-content\/uploads\/sites\/2\/2014\/04\/figura-clean-data-center-greenpeace-april-2014.png?resize=350%2C200","width":350,"height":200,"srcset":"https:\/\/i0.wp.com\/efagundes.com\/artigos\/wp-content\/uploads\/sites\/2\/2014\/04\/figura-clean-data-center-greenpeace-april-2014.png?resize=350%2C200 1x, https:\/\/i0.wp.com\/efagundes.com\/artigos\/wp-content\/uploads\/sites\/2\/2014\/04\/figura-clean-data-center-greenpeace-april-2014.png?resize=525%2C300 1.5x, https:\/\/i0.wp.com\/efagundes.com\/artigos\/wp-content\/uploads\/sites\/2\/2014\/04\/figura-clean-data-center-greenpeace-april-2014.png?resize=700%2C400 2x"},"classes":[]}],"jetpack_sharing_enabled":true,"_links":{"self":[{"href":"https:\/\/efagundes.com\/artigos\/wp-json\/wp\/v2\/posts\/2271","targetHints":{"allow":["GET"]}}],"collection":[{"href":"https:\/\/efagundes.com\/artigos\/wp-json\/wp\/v2\/posts"}],"about":[{"href":"https:\/\/efagundes.com\/artigos\/wp-json\/wp\/v2\/types\/post"}],"author":[{"embeddable":true,"href":"https:\/\/efagundes.com\/artigos\/wp-json\/wp\/v2\/users\/1"}],"replies":[{"embeddable":true,"href":"https:\/\/efagundes.com\/artigos\/wp-json\/wp\/v2\/comments?post=2271"}],"version-history":[{"count":0,"href":"https:\/\/efagundes.com\/artigos\/wp-json\/wp\/v2\/posts\/2271\/revisions"}],"wp:attachment":[{"href":"https:\/\/efagundes.com\/artigos\/wp-json\/wp\/v2\/media?parent=2271"}],"wp:term":[{"taxonomy":"category","embeddable":true,"href":"https:\/\/efagundes.com\/artigos\/wp-json\/wp\/v2\/categories?post=2271"},{"taxonomy":"post_tag","embeddable":true,"href":"https:\/\/efagundes.com\/artigos\/wp-json\/wp\/v2\/tags?post=2271"}],"curies":[{"name":"wp","href":"https:\/\/api.w.org\/{rel}","templated":true}]}}