{"id":2283,"date":"2016-10-02T22:40:04","date_gmt":"2016-10-03T01:40:04","guid":{"rendered":"http:\/\/efagundes.com\/artigos\/?p=2283"},"modified":"2016-12-23T08:06:25","modified_gmt":"2016-12-23T10:06:25","slug":"o-desafio-para-superar-a-geracao-devagar-para-aumentar-a-competitividade","status":"publish","type":"post","link":"https:\/\/efagundes.com\/artigos\/o-desafio-para-superar-a-geracao-devagar-para-aumentar-a-competitividade\/","title":{"rendered":"O desafio para superar a gera\u00e7\u00e3o \u201cdevagar\u201d para aumentar a competitividade"},"content":{"rendered":"<p>Em uma entrevista, Roberto D\u2019Avila perguntou a Bibi Ferreira (94) qual a diferen\u00e7a do mundo na sua juventude e agora, ela respondeu que no passado o mundo era mais \u201cdevagar\u201d. Ao que parece nossas institui\u00e7\u00f5es p\u00fablicas, algumas alas da sociedade e empresas ainda vivem no passado, se movimentando lentamente. O esfor\u00e7o dos \u201cvelozes\u201d para superar os entraves colocados pelos \u201clentos\u201d \u00e9 muito maior que em outros pa\u00edses, reduzindo nossa competitividade. O resultado \u00e9 a queda cont\u00ednua do Brasil no ranking de competitividade mundial, monitorado pelo F\u00f3rum Econ\u00f4mico Mundial. Em 2016, passamos a ocupar a 81\u00aa posi\u00e7\u00e3o, perdendo 33 posi\u00e7\u00f5es em quatro anos.<\/p>\n<p><a href=\"http:\/\/efagundes.com\/artigos\/wp-content\/uploads\/sites\/2\/2016\/10\/infografico-competitividade-mundial-do-brasil-2016-1.png\"><img loading=\"lazy\" decoding=\"async\" class=\"alignnone size-full wp-image-2285\" src=\"http:\/\/efagundes.com\/artigos\/wp-content\/uploads\/sites\/2\/2016\/10\/infografico-competitividade-mundial-do-brasil-2016-1.png\" alt=\"infografico-competitividade-mundial-do-brasil-2016-1\" width=\"620\" height=\"294\" srcset=\"https:\/\/efagundes.com\/artigos\/wp-content\/uploads\/sites\/2\/2016\/10\/infografico-competitividade-mundial-do-brasil-2016-1.png 620w, https:\/\/efagundes.com\/artigos\/wp-content\/uploads\/sites\/2\/2016\/10\/infografico-competitividade-mundial-do-brasil-2016-1-300x142.png 300w\" sizes=\"auto, (max-width: 620px) 100vw, 620px\" \/><\/a><\/p>\n<p><!--more-->Marcos Lisboa, presidente do Insper, afirma que se o Brasil tivesse a mesma educa\u00e7\u00e3o, sa\u00fade e impostos dos Estados Unidos, ainda seriamos 40% menos competitivos que eles. Seu argumento \u00e9 que o nosso ambiente de neg\u00f3cios \u00e9 arcaico e nada competitivo.<\/p>\n<p>Por aqui tudo demora, inclusive as coisas que s\u00e3o muito importantes. Por exemplo, a mudan\u00e7a da legisla\u00e7\u00e3o que transforma as ZPEs (Zonas de Processamento de Exporta\u00e7\u00e3o) de \u00e1reas industriais para empresariais est\u00e1 desde 2011 no Congresso sendo discutida. Enquanto isso, o Uruguai, Chile e Col\u00f4mbia j\u00e1 implantaram suas zonas de livre com\u00e9rcio e est\u00e3o atraindo investidores.<\/p>\n<p>A mudan\u00e7a do modelo do ensino m\u00e9dio, come\u00e7ou a ser discutida em 2013 com a realiza\u00e7\u00e3o de workshops e v\u00e1rios estudos de especialistas em educa\u00e7\u00e3o e, quando foi implantada via Medida Provis\u00f3ria, uma ala da sociedade (incluindo alguns jovens) se manifestaram contra, devido ao \u201cpouco\u201d tempo de discuss\u00e3o. Enquanto isso outros pa\u00edses que adotaram modelos mais eficientes de ensino j\u00e1 est\u00e3o l\u00e1 frente, incluindo o Chile, e n\u00f3s ficamos nas \u00faltimas posi\u00e7\u00f5es do PISA, uma avalia\u00e7\u00e3o internacional de conhecimentos em matem\u00e1tica, ci\u00eancia e interpreta\u00e7\u00e3o de texto, realizada com alunos do \u00faltimo ano do ensino fundamental.<\/p>\n<p>Grandes decis\u00f5es de Estado, como a reforma fiscal e da previd\u00eancia, precisam ser discutidas para contemplar a vontade da sociedade. Felizmente, a democracia proporciona a discuss\u00e3o aberta e permite decis\u00f5es que contemplem a diversidade, representando as mais diversas opini\u00f5es. Entretanto, quando a converg\u00eancia para um consenso demora muito, todos s\u00e3o prejudicados.<\/p>\n<p>O maior problema \u00e9 quando a lentid\u00e3o das decis\u00f5es e a\u00e7\u00f5es acontecem nas empresas, por falta de empoderamento dos funcion\u00e1rios e centraliza\u00e7\u00e3o das decis\u00f5es. Nos \u00f3rg\u00e3os p\u00fablicos, a lentid\u00e3o \u00e9 devida ao excesso de burocracia e corrup\u00e7\u00e3o, que infelizmente afetam as empresas mais velozes.<\/p>\n<p>Esse cen\u00e1rio se deve a uma cultura de neg\u00f3cio ultrapassada e a uma m\u00e1quina p\u00fablica complexa, repleta de leis do s\u00e9culo passado, tornando at\u00e9 o servidor p\u00fablico melhor intencionado ineficiente.<\/p>\n<p>O que podemos fazer para manter e ampliar a competitividade das empresas velozes? Na minha opini\u00e3o, investir em mercados onde o cen\u00e1rio de neg\u00f3cios \u00e9 \u00e1gil e competitivo e trabalhar para mudar o cen\u00e1rio de neg\u00f3cios do Brasil com a experi\u00eancia de outros mercados.<\/p>\n<p>V\u00e1rios pa\u00edses desenvolvidos possuem programas especiais para novas empresas investirem em seus mercados. Tamb\u00e9m, pa\u00edses em desenvolvimento com l\u00edderes vision\u00e1rios abrem suas portas para novos investimentos. Acredito que a experi\u00eancia adquirida por empresas brasileiras nesses mercados ajude a transformar o nosso ambiente de trabalho.<\/p>\n<p>As empresas velozes n\u00e3o podem sucumbir a um ambiente de neg\u00f3cios desfavor\u00e1vel, eliminando qualquer oportunidade de crescimento por raz\u00f5es que est\u00e3o fora de seu controle. Entretanto, o Brasil \u00e9 o oitavo maior mercado do mundo e n\u00e3o h\u00e1 como estar fora, principalmente, conhecendo suas idiossincrasias e oportunidades para fazer grandes neg\u00f3cios.<\/p>\n<p>Fica minha sugest\u00e3o de revis\u00e3o das estrat\u00e9gias das empresas, mesmo as lentas, para incluir neg\u00f3cios no exterior para aproveitar seus talentos e agregar conhecimento de como fazer neg\u00f3cios mais velozes.<\/p>\n<p>Ranking de competitividade elaborado pelo F\u00f3rum Econ\u00f4mico Mundial<\/p>\n<p><a href=\"http:\/\/efagundes.com\/artigos\/wp-content\/uploads\/sites\/2\/2016\/10\/ranking-de-paises-competitividade-forum-mundial-2016.jpg\"><img loading=\"lazy\" decoding=\"async\" class=\"alignnone size-full wp-image-2286\" src=\"http:\/\/efagundes.com\/artigos\/wp-content\/uploads\/sites\/2\/2016\/10\/ranking-de-paises-competitividade-forum-mundial-2016.jpg\" alt=\"ranking-de-paises-competitividade-forum-mundial-2016\" width=\"620\" height=\"812\" srcset=\"https:\/\/efagundes.com\/artigos\/wp-content\/uploads\/sites\/2\/2016\/10\/ranking-de-paises-competitividade-forum-mundial-2016.jpg 620w, https:\/\/efagundes.com\/artigos\/wp-content\/uploads\/sites\/2\/2016\/10\/ranking-de-paises-competitividade-forum-mundial-2016-229x300.jpg 229w\" sizes=\"auto, (max-width: 620px) 100vw, 620px\" \/><\/a><\/p>\n","protected":false},"excerpt":{"rendered":"<p>Em uma entrevista, Roberto D\u2019Avila perguntou a Bibi Ferreira (94) qual a diferen\u00e7a do mundo na sua juventude e agora, ela respondeu que no passado o mundo era mais \u201cdevagar\u201d. Ao que parece nossas institui\u00e7\u00f5es p\u00fablicas, algumas alas da sociedade e empresas ainda vivem no passado, se movimentando lentamente. O esfor\u00e7o dos \u201cvelozes\u201d para superar [&hellip;]<\/p>\n","protected":false},"author":1,"featured_media":0,"comment_status":"open","ping_status":"open","sticky":false,"template":"","format":"standard","meta":{"jetpack_post_was_ever_published":false,"_jetpack_newsletter_access":"","_jetpack_dont_email_post_to_subs":false,"_jetpack_newsletter_tier_id":0,"_jetpack_memberships_contains_paywalled_content":false,"_jetpack_memberships_contains_paid_content":false,"footnotes":""},"categories":[352],"tags":[364],"class_list":["post-2283","post","type-post","status-publish","format-standard","hentry","category-artigos","tag-ranking-de-competitividade"],"jetpack_featured_media_url":"","jetpack_shortlink":"https:\/\/wp.me\/p8yInB-AP","jetpack-related-posts":[{"id":1031,"url":"https:\/\/efagundes.com\/artigos\/reinvente-o-seu-negocio-antes-que-outros-o-facam\/","url_meta":{"origin":2283,"position":0},"title":"Reinvente o seu neg\u00f3cio antes que outros o fa\u00e7am","author":"Eduardo Fagundes","date":"13 de junho de 2014","format":false,"excerpt":"A globaliza\u00e7\u00e3o selecionar\u00e1 o mais eficiente. Se voc\u00ea dirige uma empresa e v\u00ea o neg\u00f3cio indo para tr\u00e1s, trate de reinventar sua empresa. N\u00e3o \u00e9 f\u00e1cil. Exigir\u00e1 muito esfor\u00e7o, coragem e habilidade para convencer seus s\u00f3cios, acionistas, funcion\u00e1rios, fornecedores e clientes. Entretanto, se voc\u00ea n\u00e3o fizer algu\u00e9m far\u00e1 no seu\u2026","rel":"","context":"Em &quot;Artigos&quot;","block_context":{"text":"Artigos","link":"https:\/\/efagundes.com\/artigos\/category\/artigos\/"},"img":{"alt_text":"","src":"","width":0,"height":0},"classes":[]},{"id":2061,"url":"https:\/\/efagundes.com\/artigos\/a-saida-do-brasil-e-pelo-pacifico\/","url_meta":{"origin":2283,"position":1},"title":"A sa\u00edda do Brasil \u00e9 pelo Pac\u00edfico","author":"Eduardo Fagundes","date":"2 de novembro de 2015","format":false,"excerpt":"Uma boa parte dos pa\u00edses banhados pelo oceano Atl\u00e2ntico Sul est\u00e1 enfrentando dificuldades econ\u00f4micas e sociais. Podemos citar o Brasil, Venezuela, Argentina e Angola na \u00c1frica. Por outro lado, os pa\u00edses banhados pelo oceano Pac\u00edfico est\u00e3o prosperando, como os Estados Unidos, M\u00e9xico, Jap\u00e3o e os nossos vizinhos Chile, Peru e\u2026","rel":"","context":"Em &quot;Artigos&quot;","block_context":{"text":"Artigos","link":"https:\/\/efagundes.com\/artigos\/category\/artigos\/"},"img":{"alt_text":"","src":"","width":0,"height":0},"classes":[]},{"id":506,"url":"https:\/\/efagundes.com\/artigos\/estrategia-de-ti-para-negocios-disruptivos\/","url_meta":{"origin":2283,"position":2},"title":"Estrat\u00e9gia de TI para Neg\u00f3cios Disruptivos","author":"Eduardo Fagundes","date":"31 de outubro de 2014","format":false,"excerpt":"Uma pergunta recorrente \u00e9 como as organiza\u00e7\u00f5es de TI podem agregar valor ao neg\u00f3cio. Uma contribui\u00e7\u00e3o \u00e9 garantir controles eficientes dos processos de neg\u00f3cios. Em ambientes de neg\u00f3cios regulados \u00e9 fundamental que os controles estejam em conformidade com a legisla\u00e7\u00e3o. A outra contribui\u00e7\u00e3o \u00e9 ter artefatos de software para apoiar\u2026","rel":"","context":"Em &quot;Artigos&quot;","block_context":{"text":"Artigos","link":"https:\/\/efagundes.com\/artigos\/category\/artigos\/"},"img":{"alt_text":"figura-estrategia-de-ti-para-negocios-disruptivos-v61","src":"https:\/\/i0.wp.com\/efagundes.com\/artigos\/wp-content\/uploads\/sites\/2\/2014\/10\/figura-estrategia-de-ti-para-negocios-disruptivos-v61.png?resize=350%2C200","width":350,"height":200},"classes":[]},{"id":341,"url":"https:\/\/efagundes.com\/artigos\/o-desafio-da-energia-para-os-data-center-e-o-compromisso-com-a-sustentabilidade\/","url_meta":{"origin":2283,"position":3},"title":"O desafio da energia para os data centers e o compromisso com a sustentabilidade","author":"Eduardo Fagundes","date":"3 de abril de 2014","format":false,"excerpt":"Em abril de 2014, o Greenpeace liberou um novo relat\u00f3rio sobre o uso de energia renov\u00e1vel pelos maiores data centers globais. Esse relat\u00f3rio apresenta um ranking dos data centers mais comprometidos com o uso de energia renov\u00e1vel com o objetivo de mitigar a emiss\u00e3o de gases do efeito estufa. O\u2026","rel":"","context":"Em &quot;Artigos&quot;","block_context":{"text":"Artigos","link":"https:\/\/efagundes.com\/artigos\/category\/artigos\/"},"img":{"alt_text":"figura-clean-data-center-greenpeace-april-2014","src":"https:\/\/i0.wp.com\/efagundes.com\/artigos\/wp-content\/uploads\/sites\/2\/2014\/04\/figura-clean-data-center-greenpeace-april-2014.png?resize=350%2C200","width":350,"height":200,"srcset":"https:\/\/i0.wp.com\/efagundes.com\/artigos\/wp-content\/uploads\/sites\/2\/2014\/04\/figura-clean-data-center-greenpeace-april-2014.png?resize=350%2C200 1x, https:\/\/i0.wp.com\/efagundes.com\/artigos\/wp-content\/uploads\/sites\/2\/2014\/04\/figura-clean-data-center-greenpeace-april-2014.png?resize=525%2C300 1.5x, https:\/\/i0.wp.com\/efagundes.com\/artigos\/wp-content\/uploads\/sites\/2\/2014\/04\/figura-clean-data-center-greenpeace-april-2014.png?resize=700%2C400 2x"},"classes":[]},{"id":393,"url":"https:\/\/efagundes.com\/artigos\/a-inovacao-em-uma-ti-hibrida\/","url_meta":{"origin":2283,"position":4},"title":"A inova\u00e7\u00e3o em uma TI hibrida","author":"Eduardo Fagundes","date":"25 de junho de 2014","format":false,"excerpt":"Os grandes provedores de tecnologia est\u00e3o migrando seus softwares para Cloud Computing. A Microsoft, SAP, IBM, Adobe e outras j\u00e1 ofertam suas solu\u00e7\u00f5es na nuvem. A SAP anunciou uma nova estrutura organizacional orientada a Cloud Computing. Essa movimenta\u00e7\u00e3o dos fornecedores para a nuvem obrigar\u00e1, mais cedo ou mais tarde, as\u2026","rel":"","context":"Em &quot;Artigos&quot;","block_context":{"text":"Artigos","link":"https:\/\/efagundes.com\/artigos\/category\/artigos\/"},"img":{"alt_text":"inovacao na ti hibrida","src":"https:\/\/i0.wp.com\/efagundes.com\/itgov\/wp-content\/uploads\/inovacao-na-ti-hibrida.jpg?resize=350%2C200","width":350,"height":200},"classes":[]},{"id":424,"url":"https:\/\/efagundes.com\/artigos\/como-desenvolver-o-mercado-de-iot-no-brasil\/","url_meta":{"origin":2283,"position":5},"title":"Como desenvolver o mercado de IoT no Brasil?","author":"Eduardo Fagundes","date":"2 de setembro de 2014","format":false,"excerpt":"N\u00e3o podemos perder mais uma onda de tecnologia. Nossa ind\u00fastria perde em competitividade para os pa\u00edses asi\u00e1ticos. Algumas pe\u00e7as do setor automotivo chegam ao Brasil custando tr\u00eas vezes menos que as fabricadas aqui. O poder de produ\u00e7\u00e3o asi\u00e1tico \u00e9 assombroso. Entretanto, n\u00e3o somos os \u00fanicos a enfrentar esse desafio. Outros\u2026","rel":"","context":"Em &quot;Artigos&quot;","block_context":{"text":"Artigos","link":"https:\/\/efagundes.com\/artigos\/category\/artigos\/"},"img":{"alt_text":"figura-IoT-App-Big-Data-v61","src":"https:\/\/i0.wp.com\/efagundes.com\/artigos\/wp-content\/uploads\/sites\/2\/2014\/09\/figura-IoT-App-Big-Data-v61.png?resize=350%2C200","width":350,"height":200},"classes":[]}],"jetpack_sharing_enabled":true,"_links":{"self":[{"href":"https:\/\/efagundes.com\/artigos\/wp-json\/wp\/v2\/posts\/2283","targetHints":{"allow":["GET"]}}],"collection":[{"href":"https:\/\/efagundes.com\/artigos\/wp-json\/wp\/v2\/posts"}],"about":[{"href":"https:\/\/efagundes.com\/artigos\/wp-json\/wp\/v2\/types\/post"}],"author":[{"embeddable":true,"href":"https:\/\/efagundes.com\/artigos\/wp-json\/wp\/v2\/users\/1"}],"replies":[{"embeddable":true,"href":"https:\/\/efagundes.com\/artigos\/wp-json\/wp\/v2\/comments?post=2283"}],"version-history":[{"count":0,"href":"https:\/\/efagundes.com\/artigos\/wp-json\/wp\/v2\/posts\/2283\/revisions"}],"wp:attachment":[{"href":"https:\/\/efagundes.com\/artigos\/wp-json\/wp\/v2\/media?parent=2283"}],"wp:term":[{"taxonomy":"category","embeddable":true,"href":"https:\/\/efagundes.com\/artigos\/wp-json\/wp\/v2\/categories?post=2283"},{"taxonomy":"post_tag","embeddable":true,"href":"https:\/\/efagundes.com\/artigos\/wp-json\/wp\/v2\/tags?post=2283"}],"curies":[{"name":"wp","href":"https:\/\/api.w.org\/{rel}","templated":true}]}}