{"id":2297,"date":"2016-11-19T00:20:00","date_gmt":"2016-11-19T02:20:00","guid":{"rendered":"http:\/\/efagundes.com\/artigos\/?p=2297"},"modified":"2016-12-23T08:05:04","modified_gmt":"2016-12-23T10:05:04","slug":"a-retomada-da-industria-no-brasil-sera-baseada-na-quarta-revolucao-industria","status":"publish","type":"post","link":"https:\/\/efagundes.com\/artigos\/a-retomada-da-industria-no-brasil-sera-baseada-na-quarta-revolucao-industria\/","title":{"rendered":"A retomada da ind\u00fastria no Brasil ser\u00e1 baseada na quarta revolu\u00e7\u00e3o ind\u00fastria"},"content":{"rendered":"<p>Acredito que a partir de 2019 o cen\u00e1rio pol\u00edtico e econ\u00f4mico estar\u00e1 atrativo para estimular investimentos na ind\u00fastria. Os novos projetos devem contemplar os novos paradigmas do mercado, como o consumo sustent\u00e1vel e prefer\u00eancia por produtos personalizados dos mais jovens e gastos mais comedidos dos mais velhos para garantir uma poupan\u00e7a para uma vida financeira mais est\u00e1vel, incluindo planos para a aposentadoria. Teremos uma redu\u00e7\u00e3o da demanda de produtos f\u00edsicos industrializados, principalmente os massificados. Isto pode transformar o conceito de globaliza\u00e7\u00e3o, fazendo que os produtos sejam produzidos localmente, para atender no menor tempo poss\u00edvel o consumidor e custos log\u00edsticos.<!--more--><\/p>\n<p>Acredito que nos pr\u00f3ximos anos teremos um cen\u00e1rio industrial moderno, eficiente e competitivo. Entretanto, para atingir esse objetivo temos que come\u00e7ar agora, com planejamento e forma\u00e7\u00e3o de m\u00e3o de obra especializada. Investimento n\u00e3o dever\u00e1 ser o problema.<\/p>\n<p>As oportunidades para os jovens est\u00e3o na \u00e1rea da tecnologia da informa\u00e7\u00e3o, an\u00e1lise de grandes volumes de dados (Big Data &amp; Analytics), Internet of Things, Intelig\u00eancia Artificial, Rob\u00f3tica e Seguran\u00e7a da Informa\u00e7\u00e3o. O incentivo nestas \u00e1reas, associado com o desenvolvimento do empreendedorismo, fomentar\u00e1 a cria\u00e7\u00e3o de novos neg\u00f3cios combinando produtos f\u00edsicos e digitais.<\/p>\n<p>Estas novas f\u00e1bricas puxar\u00e3o outros neg\u00f3cios e atividades que requerem m\u00e3o de obra mais focada em habilidades manuais, tais como a manuten\u00e7\u00e3o dos rob\u00f4s, servi\u00e7os log\u00edsticos, eletricistas, pedreiros, bombeiros, entre outros.<\/p>\n<p>Minha opini\u00e3o \u00e9 que os novos investimentos ser\u00e3o em f\u00e1bricas inteligentes, totalmente automatizadas. Isto trar\u00e1 enormes vantagens competitivas para as empresas no mercado local, entre elas produtos adequados a realidade local, menor tempo de entrega dos produtos f\u00edsicos, menores custos log\u00edsticos e, consequentemente, menor pre\u00e7o de venda e maximiza\u00e7\u00e3o do lucro.<\/p>\n<p>Neste cen\u00e1rio, as empresas ter\u00e3o que adotar os conceitos e tecnologias da Ind\u00fastria 4.0, conhecida como a quarta revolu\u00e7\u00e3o industrial. As f\u00e1bricas ter\u00e3o que ser inteligentes para se autoconfigurar de acordo com os pedidos personalizados dos consumidores. Programa\u00e7\u00f5es pr\u00e9-definidas de produ\u00e7\u00e3o e com forte intera\u00e7\u00e3o humana ser\u00e3o invi\u00e1veis neste novo cen\u00e1rio de neg\u00f3cios.<\/p>\n<p>O desafio ser\u00e1 formar e contratar m\u00e3o de obra especializada para projetar e operar estas novas f\u00e1bricas. Obviamente, que para come\u00e7arem a operar em 2019 o planejamento deve come\u00e7ar agora.<\/p>\n<p>O outro desafio \u00e9 realocar a m\u00e3o de obra que perder\u00e1 o emprego funcional e criar novas oportunidades para a massa de trabalhadores que est\u00e3o atualmente desempregados. Sem renda, estes trabalhadores ficam fora mercado e n\u00e3o comprar\u00e3o os produtos produzidos pelas novas f\u00e1bricas. O foco dever\u00e1 ser os jovens consumidores, p\u00fablico alvo do novo modelo de produ\u00e7\u00e3o personalizada.<\/p>\n<p>&nbsp;<\/p>\n<p><iframe loading=\"lazy\" src=\"https:\/\/www.youtube.com\/embed\/5E38qTpggBI\" width=\"560\" height=\"315\" frameborder=\"0\" allowfullscreen=\"allowfullscreen\"><\/iframe><\/p>\n","protected":false},"excerpt":{"rendered":"<p>Acredito que a partir de 2019 o cen\u00e1rio pol\u00edtico e econ\u00f4mico estar\u00e1 atrativo para estimular investimentos na ind\u00fastria. Os novos projetos devem contemplar os novos paradigmas do mercado, como o consumo sustent\u00e1vel e prefer\u00eancia por produtos personalizados dos mais jovens e gastos mais comedidos dos mais velhos para garantir uma poupan\u00e7a para uma vida financeira [&hellip;]<\/p>\n","protected":false},"author":1,"featured_media":0,"comment_status":"open","ping_status":"open","sticky":false,"template":"","format":"standard","meta":{"jetpack_post_was_ever_published":false,"_jetpack_newsletter_access":"","_jetpack_dont_email_post_to_subs":false,"_jetpack_newsletter_tier_id":0,"_jetpack_memberships_contains_paywalled_content":false,"_jetpack_memberships_contains_paid_content":false,"footnotes":""},"categories":[352],"tags":[365,366],"class_list":["post-2297","post","type-post","status-publish","format-standard","hentry","category-artigos","tag-industria-4-0","tag-quarta-revolucao-industrial"],"jetpack_featured_media_url":"","jetpack_shortlink":"https:\/\/wp.me\/p8yInB-B3","jetpack-related-posts":[{"id":2103,"url":"https:\/\/efagundes.com\/artigos\/a-4a-revolucao-industrial\/","url_meta":{"origin":2297,"position":0},"title":"A 4\u00aa Revolu\u00e7\u00e3o Industrial","author":"Eduardo Fagundes","date":"18 de janeiro de 2016","format":false,"excerpt":"N\u00e3o existem d\u00favidas que estamos entrando em uma nova revolu\u00e7\u00e3o industrial, a quarta na hist\u00f3ria da humanidade. A primeira em 1784, foi usado o poder do vapor de \u00e1gua para mecanizar a produ\u00e7\u00e3o. A segunda em 1870, a energia el\u00e9trica foi utilizada para a produ\u00e7\u00e3o em massa. A terceira em\u2026","rel":"","context":"Em &quot;Artigos&quot;","block_context":{"text":"Artigos","link":"https:\/\/efagundes.com\/artigos\/category\/artigos\/"},"img":{"alt_text":"","src":"","width":0,"height":0},"classes":[]},{"id":976,"url":"https:\/\/efagundes.com\/artigos\/mude-seu-plano-de-negocios-e-acompanhe-o-mercado\/","url_meta":{"origin":2297,"position":1},"title":"Mude seu plano de neg\u00f3cios e acompanhe o mercado","author":"Eduardo Fagundes","date":"14 de janeiro de 2014","format":false,"excerpt":"Inova\u00e7\u00e3o: a chave para sua empresa crescer mais que a economia Em 2014 teremos novos desafios na economia com a realiza\u00e7\u00e3o da Copa do Mundo, elei\u00e7\u00f5es presidenciais e estaduais, avan\u00e7o das privatiza\u00e7\u00f5es da infraestrutura e aumento da infla\u00e7\u00e3o. A previs\u00e3o do Fundo Monet\u00e1rio Internacional \u00e9 de crescimento de 2,5% na\u2026","rel":"","context":"Em &quot;Artigos&quot;","block_context":{"text":"Artigos","link":"https:\/\/efagundes.com\/artigos\/category\/artigos\/"},"img":{"alt_text":"","src":"","width":0,"height":0},"classes":[]},{"id":424,"url":"https:\/\/efagundes.com\/artigos\/como-desenvolver-o-mercado-de-iot-no-brasil\/","url_meta":{"origin":2297,"position":2},"title":"Como desenvolver o mercado de IoT no Brasil?","author":"Eduardo Fagundes","date":"2 de setembro de 2014","format":false,"excerpt":"N\u00e3o podemos perder mais uma onda de tecnologia. Nossa ind\u00fastria perde em competitividade para os pa\u00edses asi\u00e1ticos. Algumas pe\u00e7as do setor automotivo chegam ao Brasil custando tr\u00eas vezes menos que as fabricadas aqui. O poder de produ\u00e7\u00e3o asi\u00e1tico \u00e9 assombroso. Entretanto, n\u00e3o somos os \u00fanicos a enfrentar esse desafio. Outros\u2026","rel":"","context":"Em &quot;Artigos&quot;","block_context":{"text":"Artigos","link":"https:\/\/efagundes.com\/artigos\/category\/artigos\/"},"img":{"alt_text":"figura-IoT-App-Big-Data-v61","src":"https:\/\/i0.wp.com\/efagundes.com\/artigos\/wp-content\/uploads\/sites\/2\/2014\/09\/figura-IoT-App-Big-Data-v61.png?resize=350%2C200","width":350,"height":200},"classes":[]},{"id":1175,"url":"https:\/\/efagundes.com\/artigos\/objetivos-dos-empresarios-brasileiros-para-2015\/","url_meta":{"origin":2297,"position":3},"title":"Objetivos dos empres\u00e1rios brasileiros para 2015","author":"Eduardo Fagundes","date":"5 de dezembro de 2014","format":false,"excerpt":"Uma pesquisa da ABRASCA, Associa\u00e7\u00e3o Brasileira das Companhias Abertas, mostra que 73% dos empres\u00e1rios acreditam em um crescimento da economia superior a 1% em 2015. Foram pesquisadas 65 empresas da BM&FBovespa que representam 70% do valor total da bolsa. Nessa pesquisa, 24% afirmaram que aumentar\u00e3o os investimentos em 2015, 50%\u2026","rel":"","context":"Em &quot;Artigos&quot;","block_context":{"text":"Artigos","link":"https:\/\/efagundes.com\/artigos\/category\/artigos\/"},"img":{"alt_text":"","src":"","width":0,"height":0},"classes":[]},{"id":1237,"url":"https:\/\/efagundes.com\/artigos\/industria-de-software-e-a-chave-para-aumentar-as-exportacoes-e-produtividade-interna\/","url_meta":{"origin":2297,"position":4},"title":"Ind\u00fastria de software \u00e9 a chave para aumentar as exporta\u00e7\u00f5es e produtividade interna","author":"Eduardo Fagundes","date":"19 de janeiro de 2015","format":false,"excerpt":"Nas intensas discuss\u00f5es sobre sa\u00eddas para a economia brasileira crescer existe o consenso em pelo menos duas: precisamos aumentar nossas exporta\u00e7\u00f5es e melhorar, significativamente, nossa produtividade interna. Dois desafios que est\u00e3o fortemente associados. Para aumentar as exporta\u00e7\u00f5es nossa ind\u00fastria precisa ser competitiva, globalmente. Esse desafio \u00e9 maior para a ind\u00fastria\u2026","rel":"","context":"Em &quot;Artigos&quot;","block_context":{"text":"Artigos","link":"https:\/\/efagundes.com\/artigos\/category\/artigos\/"},"img":{"alt_text":"","src":"","width":0,"height":0},"classes":[]},{"id":2061,"url":"https:\/\/efagundes.com\/artigos\/a-saida-do-brasil-e-pelo-pacifico\/","url_meta":{"origin":2297,"position":5},"title":"A sa\u00edda do Brasil \u00e9 pelo Pac\u00edfico","author":"Eduardo Fagundes","date":"2 de novembro de 2015","format":false,"excerpt":"Uma boa parte dos pa\u00edses banhados pelo oceano Atl\u00e2ntico Sul est\u00e1 enfrentando dificuldades econ\u00f4micas e sociais. Podemos citar o Brasil, Venezuela, Argentina e Angola na \u00c1frica. Por outro lado, os pa\u00edses banhados pelo oceano Pac\u00edfico est\u00e3o prosperando, como os Estados Unidos, M\u00e9xico, Jap\u00e3o e os nossos vizinhos Chile, Peru e\u2026","rel":"","context":"Em &quot;Artigos&quot;","block_context":{"text":"Artigos","link":"https:\/\/efagundes.com\/artigos\/category\/artigos\/"},"img":{"alt_text":"","src":"","width":0,"height":0},"classes":[]}],"jetpack_sharing_enabled":true,"_links":{"self":[{"href":"https:\/\/efagundes.com\/artigos\/wp-json\/wp\/v2\/posts\/2297","targetHints":{"allow":["GET"]}}],"collection":[{"href":"https:\/\/efagundes.com\/artigos\/wp-json\/wp\/v2\/posts"}],"about":[{"href":"https:\/\/efagundes.com\/artigos\/wp-json\/wp\/v2\/types\/post"}],"author":[{"embeddable":true,"href":"https:\/\/efagundes.com\/artigos\/wp-json\/wp\/v2\/users\/1"}],"replies":[{"embeddable":true,"href":"https:\/\/efagundes.com\/artigos\/wp-json\/wp\/v2\/comments?post=2297"}],"version-history":[{"count":0,"href":"https:\/\/efagundes.com\/artigos\/wp-json\/wp\/v2\/posts\/2297\/revisions"}],"wp:attachment":[{"href":"https:\/\/efagundes.com\/artigos\/wp-json\/wp\/v2\/media?parent=2297"}],"wp:term":[{"taxonomy":"category","embeddable":true,"href":"https:\/\/efagundes.com\/artigos\/wp-json\/wp\/v2\/categories?post=2297"},{"taxonomy":"post_tag","embeddable":true,"href":"https:\/\/efagundes.com\/artigos\/wp-json\/wp\/v2\/tags?post=2297"}],"curies":[{"name":"wp","href":"https:\/\/api.w.org\/{rel}","templated":true}]}}