{"id":255,"date":"2013-10-22T09:50:15","date_gmt":"2013-10-22T11:50:15","guid":{"rendered":"http:\/\/efagundes.com\/itgov\/?p=255"},"modified":"2016-09-03T07:41:32","modified_gmt":"2016-09-03T10:41:32","slug":"tecnologias-disruptivas-para-data-centers","status":"publish","type":"post","link":"https:\/\/efagundes.com\/artigos\/tecnologias-disruptivas-para-data-centers\/","title":{"rendered":"Tecnologias Disruptivas para Data Centers"},"content":{"rendered":"<p>O armazenamento com tecnologia flash, resili\u00eancia na nuvem e pr\u00e1ticas de gest\u00e3o avan\u00e7adas da infraestrutura de data centers (DCIM) s\u00e3o as tr\u00eas tecnologias que est\u00e3o no radar dos fornecedores e operadores.<\/p>\n<p>A gera\u00e7\u00e3o de energia limpa no local continua no radar, principalmente agora que os servidores do muito-baixo consumo de energia exigem investimentos menores em gera\u00e7\u00e3o.<\/p>\n<p>As novas tecnologias como <a title=\"Memristor\" href=\"http:\/\/en.wikipedia.org\/wiki\/Memristors\">memristors<\/a> e <a title=\"Silicon Photonics\" href=\"http:\/\/en.wikipedia.org\/wiki\/Silicon_photonics\">silicon photonics<\/a> podem ter um impacto enorme sobre a efici\u00eancia e poder dos data centers, por\u00e9m exigem mais estudos e aplica\u00e7\u00f5es comerciais.<\/p>\n<p>O armazenamento de dados em mem\u00f3ria flash promete um aumento dram\u00e1tico de desempenho em aplica\u00e7\u00f5es de bancos de dados, an\u00e1lises de \u201cbig data\u201d e virtualiza\u00e7\u00e3o de desktops. Estima-se que a tecnologia flash reduza a lat\u00eancia de acesso aos dados em mais de 85% comparado com a tecnologia SSD PCI Express. Podendo ser utilizada como mem\u00f3ria RAM torna poss\u00edvel dotar os servidores com terabytes de mem\u00f3ria. O design paralelo do barramento de mem\u00f3ria permite aumentar a quantidade de mem\u00f3ria flash em um servidor.<\/p>\n<p>Por uma quest\u00e3o de sobreviv\u00eancia as empresas buscam resili\u00eancia em suas opera\u00e7\u00f5es. Esse objetivo est\u00e1 diretamente ligado a disponibilidade dos servi\u00e7os nos data centers. Cada vez mais os gestores de data centers s\u00e3o desafiados a aumentar a disponibilidade com menos recursos. Essa resili\u00eancia atingida com o uso de boas pr\u00e1ticas de gest\u00e3o e arquiteturas robustas e redundantes de software e hardware.<\/p>\n<p>Para criar uma arquitetura resiliente, \u00e9 importante entender os pontos e os modos de falha de um aplicativo e dos servi\u00e7os de carga de trabalho relacionados para a tomada de decis\u00e3o correta.\u00a0Uma pr\u00e1tica que come\u00e7a a ser utilizada pelos gestores de data centers \u00e9 o uso da metodologia de qualidade Six-Sigma.<\/p>\n<p>A tabela abaixo mostra o percentual de disponibilidade e o tempo de paralisa\u00e7\u00e3o.<\/p>\n<p><a href=\"http:\/\/efagundes.com\/artigos\/wp-content\/uploads\/sites\/2\/2013\/10\/tabela-de-disponibilidade-de-data-centers.png\"><img loading=\"lazy\" decoding=\"async\" class=\"alignnone size-full wp-image-1952\" src=\"http:\/\/efagundes.com\/artigos\/wp-content\/uploads\/sites\/2\/2013\/10\/tabela-de-disponibilidade-de-data-centers.png\" alt=\"tabela-de-disponibilidade-de-data-centers\" width=\"523\" height=\"324\" srcset=\"https:\/\/efagundes.com\/artigos\/wp-content\/uploads\/sites\/2\/2013\/10\/tabela-de-disponibilidade-de-data-centers.png 523w, https:\/\/efagundes.com\/artigos\/wp-content\/uploads\/sites\/2\/2013\/10\/tabela-de-disponibilidade-de-data-centers-300x186.png 300w\" sizes=\"auto, (max-width: 523px) 100vw, 523px\" \/><\/a><\/p>\n<p>A uso de gera\u00e7\u00e3o local de energia aumenta a disponibilidade dos data centers por oferecer uma alternativa ao fornecimento de energia pela concession\u00e1ria. Para avaliar os investimentos em gera\u00e7\u00e3o local de energia \u00e9 importante conhecer o desempenho da concession\u00e1ria de energia. M\u00e9tricas como tempo de paralisa\u00e7\u00e3o e restabelecimento do servi\u00e7o s\u00e3o importantes e dispon\u00edveis \u00a0para an\u00e1lise.<\/p>\n<p>Leitura recomendada:<br \/>\n<a href=\"http:\/\/msdn.microsoft.com\/pt-br\/library\/windowsazure\/jj853352.aspx\">\u00c0 prova de falhas: orienta\u00e7\u00e3o para arquiteturas resilientes na nuvem<\/a><\/p>\n","protected":false},"excerpt":{"rendered":"<p>O armazenamento com tecnologia flash, resili\u00eancia na nuvem e pr\u00e1ticas de gest\u00e3o avan\u00e7adas da infraestrutura de data centers (DCIM) s\u00e3o as tr\u00eas tecnologias que est\u00e3o no radar dos fornecedores e operadores. A gera\u00e7\u00e3o de energia limpa no local continua no radar, principalmente agora que os servidores do muito-baixo consumo de energia exigem investimentos menores em [&hellip;]<\/p>\n","protected":false},"author":1,"featured_media":0,"comment_status":"open","ping_status":"closed","sticky":false,"template":"","format":"standard","meta":{"jetpack_post_was_ever_published":false,"_jetpack_newsletter_access":"","_jetpack_dont_email_post_to_subs":false,"_jetpack_newsletter_tier_id":0,"_jetpack_memberships_contains_paywalled_content":false,"_jetpack_memberships_contains_paid_content":false,"footnotes":""},"categories":[352,3],"tags":[33,84,90,252,267],"class_list":["post-255","post","type-post","status-publish","format-standard","hentry","category-artigos","category-blog","tag-armazenamento-flash","tag-data-center","tag-dcim","tag-resiliencia","tag-six-sigma"],"jetpack_featured_media_url":"","jetpack_shortlink":"https:\/\/wp.me\/p8yInB-47","jetpack-related-posts":[{"id":403,"url":"https:\/\/efagundes.com\/artigos\/dcim-data-center-infrastructure-management\/","url_meta":{"origin":255,"position":0},"title":"DCIM \u2013 Data Center Infrastructure Management","author":"Eduardo Fagundes","date":"25 de julho de 2014","format":false,"excerpt":"Os data centers modernos de alta disponibilidade enfrentam o desafio da desconex\u00e3o entre a infraestrutura predial e a infraestrutura de TI. Estes desafios se tornam mais cr\u00edticos com a virtualiza\u00e7\u00e3o de servidores e armazenamento de dados que cria um ambiente din\u00e2mico dentro de um ambiente est\u00e1tico, onde as r\u00e1pidas mudan\u00e7as\u2026","rel":"","context":"Em &quot;Artigos&quot;","block_context":{"text":"Artigos","link":"https:\/\/efagundes.com\/artigos\/category\/artigos\/"},"img":{"alt_text":"","src":"","width":0,"height":0},"classes":[]},{"id":613,"url":"https:\/\/efagundes.com\/artigos\/cloud-storage-uma-solucao-pratica-e-confiavel-para-arquivamento-de-dados\/","url_meta":{"origin":255,"position":1},"title":"Cloud Storage uma solu\u00e7\u00e3o pr\u00e1tica e confi\u00e1vel para arquivamento de dados","author":"Eduardo Fagundes","date":"16 de dezembro de 2014","format":false,"excerpt":"Servi\u00e7os de armazenagem de dados remoto administrados por uma empresa especializada n\u00e3o \u00e9 um neg\u00f3cio novo. O primeiro servi\u00e7o que utilizei foi a digitaliza\u00e7\u00e3o e guarda de notas fiscais de um fornecedor fora da empresa. Lembro que algumas notas fiscais tinham que ser, literalmente, passadas com ferro antes de serem\u2026","rel":"","context":"Em &quot;Artigos&quot;","block_context":{"text":"Artigos","link":"https:\/\/efagundes.com\/artigos\/category\/artigos\/"},"img":{"alt_text":"","src":"","width":0,"height":0},"classes":[]},{"id":1105,"url":"https:\/\/efagundes.com\/artigos\/cientista-de-dados-a-profissao-do-futuro\/","url_meta":{"origin":255,"position":2},"title":"Cientista de Dados: a profiss\u00e3o do futuro","author":"Eduardo Fagundes","date":"28 de outubro de 2014","format":false,"excerpt":"Estamos iniciando um ciclo tecnol\u00f3gico com ampla capacidade de processamento, armazenamento de dados e comunica\u00e7\u00e3o que permite an\u00e1lises avan\u00e7adas de gigantescos volumes de dados. Isso muda os atuais paradigmas da computa\u00e7\u00e3o. Nesse cen\u00e1rio, \u00e9 poss\u00edvel considerar n\u00e3o apenas os 15% dos dados estruturados das empresas, mas todos aqueles dispon\u00edveis em\u2026","rel":"","context":"Em &quot;Artigos&quot;","block_context":{"text":"Artigos","link":"https:\/\/efagundes.com\/artigos\/category\/artigos\/"},"img":{"alt_text":"","src":"","width":0,"height":0},"classes":[]},{"id":550,"url":"https:\/\/efagundes.com\/artigos\/negocios-lucrativos-de-ti-para-reduzir-as-emissoes-de-co2\/","url_meta":{"origin":255,"position":3},"title":"Neg\u00f3cios lucrativos de TI para reduzir as emiss\u00f5es de CO2","author":"Eduardo Fagundes","date":"13 de novembro de 2014","format":false,"excerpt":"A expectativa \u00e9 de redu\u00e7\u00e3o das emiss\u00f5es de TI (dispositivos de usu\u00e1rios, telecomunica\u00e7\u00f5es e data centers) entre 2011 e 2020 em 2,3%, comparado com o aumento de 6,1% entre 2002 e 2011. Os principais motivos s\u00e3o a maior efici\u00eancia energ\u00e9tica dos equipamentos e a substitui\u00e7\u00e3o dos PCs por tablets. Em\u2026","rel":"","context":"Em &quot;Artigos&quot;","block_context":{"text":"Artigos","link":"https:\/\/efagundes.com\/artigos\/category\/artigos\/"},"img":{"alt_text":"","src":"","width":0,"height":0},"classes":[]},{"id":617,"url":"https:\/\/efagundes.com\/artigos\/data-centers-modulares\/","url_meta":{"origin":255,"position":4},"title":"Data Centers Modulares","author":"Eduardo Fagundes","date":"17 de dezembro de 2014","format":false,"excerpt":"Um dos desafios dos CIOs \u00e9 alinhar a capacidade de processamento com as necessidades de neg\u00f3cios. No passado, o planejamento de capacidade dos data centers era definido pelo hist\u00f3rico de crescimento e pelos novos sistemas planejados. Atualmente, a din\u00e2mica dos neg\u00f3cios exige novas estrat\u00e9gias para assegurar os recursos e disponibilidade\u2026","rel":"","context":"Em &quot;Artigos&quot;","block_context":{"text":"Artigos","link":"https:\/\/efagundes.com\/artigos\/category\/artigos\/"},"img":{"alt_text":"","src":"","width":0,"height":0},"classes":[]},{"id":135,"url":"https:\/\/efagundes.com\/artigos\/beneficios-da-virtualizacao-do-io\/","url_meta":{"origin":255,"position":5},"title":"Benef\u00edcios da Virtualiza\u00e7\u00e3o do I\/O","author":"Eduardo Fagundes","date":"26 de maio de 2013","format":false,"excerpt":"Um dos maiores desafios dos data centers \u00e9 maximizar o uso de sua infraestrutura para reduzir custos. Isso inclui a redu\u00e7\u00e3o do alto consumo de energia, que reflete diretamente no PUE (Power Usage Effectiveness), par\u00e2metro que mede o uso eficiente de energia. Uma situa\u00e7\u00e3o t\u00edpica nos data centers \u00e9 o\u2026","rel":"","context":"Em &quot;Artigos&quot;","block_context":{"text":"Artigos","link":"https:\/\/efagundes.com\/artigos\/category\/artigos\/"},"img":{"alt_text":"figura-utilizacao-de-espaco-em-disco-io-virtualization","src":"https:\/\/i0.wp.com\/efagundes.com\/artigos\/wp-content\/uploads\/sites\/2\/2013\/05\/figura-utilizacao-de-espaco-em-disco-io-virtualization.png?resize=350%2C200","width":350,"height":200,"srcset":"https:\/\/i0.wp.com\/efagundes.com\/artigos\/wp-content\/uploads\/sites\/2\/2013\/05\/figura-utilizacao-de-espaco-em-disco-io-virtualization.png?resize=350%2C200 1x, https:\/\/i0.wp.com\/efagundes.com\/artigos\/wp-content\/uploads\/sites\/2\/2013\/05\/figura-utilizacao-de-espaco-em-disco-io-virtualization.png?resize=525%2C300 1.5x"},"classes":[]}],"jetpack_sharing_enabled":true,"_links":{"self":[{"href":"https:\/\/efagundes.com\/artigos\/wp-json\/wp\/v2\/posts\/255","targetHints":{"allow":["GET"]}}],"collection":[{"href":"https:\/\/efagundes.com\/artigos\/wp-json\/wp\/v2\/posts"}],"about":[{"href":"https:\/\/efagundes.com\/artigos\/wp-json\/wp\/v2\/types\/post"}],"author":[{"embeddable":true,"href":"https:\/\/efagundes.com\/artigos\/wp-json\/wp\/v2\/users\/1"}],"replies":[{"embeddable":true,"href":"https:\/\/efagundes.com\/artigos\/wp-json\/wp\/v2\/comments?post=255"}],"version-history":[{"count":0,"href":"https:\/\/efagundes.com\/artigos\/wp-json\/wp\/v2\/posts\/255\/revisions"}],"wp:attachment":[{"href":"https:\/\/efagundes.com\/artigos\/wp-json\/wp\/v2\/media?parent=255"}],"wp:term":[{"taxonomy":"category","embeddable":true,"href":"https:\/\/efagundes.com\/artigos\/wp-json\/wp\/v2\/categories?post=255"},{"taxonomy":"post_tag","embeddable":true,"href":"https:\/\/efagundes.com\/artigos\/wp-json\/wp\/v2\/tags?post=255"}],"curies":[{"name":"wp","href":"https:\/\/api.w.org\/{rel}","templated":true}]}}