{"id":26,"date":"2011-12-22T15:10:00","date_gmt":"2011-12-22T17:10:00","guid":{"rendered":"http:\/\/efagundes.com\/itgov\/?p=26"},"modified":"2016-09-03T07:43:03","modified_gmt":"2016-09-03T10:43:03","slug":"gerenciamento-da-capacidade","status":"publish","type":"post","link":"https:\/\/efagundes.com\/artigos\/gerenciamento-da-capacidade\/","title":{"rendered":"Gerenciamento da Capacidade"},"content":{"rendered":"<p>O processo de gerenciamento da capacidade deve assegura a disponibilidade dos recursos no tempo certo e em quantidade suficiente para atender as demandas dos processos de neg\u00f3cios dentro dos acordos de n\u00edveis de servi\u00e7os negociados.<\/p>\n<p>A defini\u00e7\u00e3o do processo est\u00e1 totalmente em linha com o prop\u00f3sito do estilo de processamento do cloud computing. A quest\u00e3o \u00e9 assegurar que todos os programas de aplica\u00e7\u00e3o que ir\u00e3o processar no ambiente de cloud computing, a configura\u00e7\u00e3o da infraestrutura, a conex\u00f5es de Internet, os servidores e a infraestrutura do data center est\u00e3o corretamente configuradas para assegurar a alta disponibilidade requerida.<\/p>\n<p>&nbsp;<\/p>\n","protected":false},"excerpt":{"rendered":"<p>O processo de gerenciamento da capacidade deve assegura a disponibilidade dos recursos no tempo certo e em quantidade suficiente para atender as demandas dos processos de neg\u00f3cios dentro dos acordos de n\u00edveis de servi\u00e7os negociados. A defini\u00e7\u00e3o do processo est\u00e1 totalmente em linha com o prop\u00f3sito do estilo de processamento do cloud computing. A quest\u00e3o [&hellip;]<\/p>\n","protected":false},"author":1,"featured_media":0,"comment_status":"open","ping_status":"closed","sticky":false,"template":"","format":"standard","meta":{"jetpack_post_was_ever_published":false,"_jetpack_newsletter_access":"","_jetpack_dont_email_post_to_subs":false,"_jetpack_newsletter_tier_id":0,"_jetpack_memberships_contains_paywalled_content":false,"_jetpack_memberships_contains_paid_content":false,"footnotes":""},"categories":[352,3],"tags":[128],"class_list":["post-26","post","type-post","status-publish","format-standard","hentry","category-artigos","category-blog","tag-gerenciamento-da-capacidade"],"jetpack_featured_media_url":"","jetpack_shortlink":"https:\/\/wp.me\/p8yInB-q","jetpack-related-posts":[{"id":20,"url":"https:\/\/efagundes.com\/artigos\/gerenciamento-de-liberacao\/","url_meta":{"origin":26,"position":0},"title":"Gerenciamento de Libera\u00e7\u00e3o","author":"Eduardo Fagundes","date":"22 de dezembro de 2011","format":false,"excerpt":"O gerenciamento de libera\u00e7\u00e3o \u00e9 o processo respons\u00e1vel por implantar em produ\u00e7\u00e3o uma mudan\u00e7a planejada devidamente testada e autorizada sem gerar impacto negativo para os processos de neg\u00f3cio da empresa. Qualquer mudan\u00e7a na infraestrutura do provedor de servi\u00e7os deve ser testada e validada pelos usu\u00e1rios dos servi\u00e7os. Esse procedimento cria\u2026","rel":"","context":"Em &quot;Artigos&quot;","block_context":{"text":"Artigos","link":"https:\/\/efagundes.com\/artigos\/category\/artigos\/"},"img":{"alt_text":"","src":"","width":0,"height":0},"classes":[]},{"id":18,"url":"https:\/\/efagundes.com\/artigos\/gerenciamento-de-mudancas\/","url_meta":{"origin":26,"position":1},"title":"Gerenciamento de Mudan\u00e7as","author":"Eduardo Fagundes","date":"22 de dezembro de 2011","format":false,"excerpt":"O processo de gerenciamento de mudan\u00e7as deve assegurar que todas as altera\u00e7\u00f5es planejadas na configura\u00e7\u00e3o do ambiente sejam realizadas conforme o plano e com suas devidas autoriza\u00e7\u00f5es. O objetivo maior \u00e9 garantir a continuidade dos processos de neg\u00f3cios sem nenhum impacto por problemas relacionados a TI e telecomunica\u00e7\u00f5es. A complexidade\u2026","rel":"","context":"Em &quot;Artigos&quot;","block_context":{"text":"Artigos","link":"https:\/\/efagundes.com\/artigos\/category\/artigos\/"},"img":{"alt_text":"","src":"","width":0,"height":0},"classes":[]},{"id":403,"url":"https:\/\/efagundes.com\/artigos\/dcim-data-center-infrastructure-management\/","url_meta":{"origin":26,"position":2},"title":"DCIM \u2013 Data Center Infrastructure Management","author":"Eduardo Fagundes","date":"25 de julho de 2014","format":false,"excerpt":"Os data centers modernos de alta disponibilidade enfrentam o desafio da desconex\u00e3o entre a infraestrutura predial e a infraestrutura de TI. Estes desafios se tornam mais cr\u00edticos com a virtualiza\u00e7\u00e3o de servidores e armazenamento de dados que cria um ambiente din\u00e2mico dentro de um ambiente est\u00e1tico, onde as r\u00e1pidas mudan\u00e7as\u2026","rel":"","context":"Em &quot;Artigos&quot;","block_context":{"text":"Artigos","link":"https:\/\/efagundes.com\/artigos\/category\/artigos\/"},"img":{"alt_text":"","src":"","width":0,"height":0},"classes":[]},{"id":14,"url":"https:\/\/efagundes.com\/artigos\/gerenciamento-de-incidentes\/","url_meta":{"origin":26,"position":3},"title":"Gerenciamento de Incidentes","author":"Eduardo Fagundes","date":"22 de dezembro de 2011","format":false,"excerpt":"O processo de incidentes trata os problemas conhecidos e que j\u00e1 possuem procedimentos de solu\u00e7\u00e3o dentro de\u00a0par\u00e2metros\u00a0de servi\u00e7os previamente acordados. Um incidente pode gerar um impacto nos processos de neg\u00f3cio da empresa ou apenas no ambiente do provedor de servi\u00e7os de cloud computing. Nesse caso deve-se definir como ser\u00e1 o\u2026","rel":"","context":"Em &quot;Artigos&quot;","block_context":{"text":"Artigos","link":"https:\/\/efagundes.com\/artigos\/category\/artigos\/"},"img":{"alt_text":"","src":"","width":0,"height":0},"classes":[]},{"id":617,"url":"https:\/\/efagundes.com\/artigos\/data-centers-modulares\/","url_meta":{"origin":26,"position":4},"title":"Data Centers Modulares","author":"Eduardo Fagundes","date":"17 de dezembro de 2014","format":false,"excerpt":"Um dos desafios dos CIOs \u00e9 alinhar a capacidade de processamento com as necessidades de neg\u00f3cios. No passado, o planejamento de capacidade dos data centers era definido pelo hist\u00f3rico de crescimento e pelos novos sistemas planejados. Atualmente, a din\u00e2mica dos neg\u00f3cios exige novas estrat\u00e9gias para assegurar os recursos e disponibilidade\u2026","rel":"","context":"Em &quot;Artigos&quot;","block_context":{"text":"Artigos","link":"https:\/\/efagundes.com\/artigos\/category\/artigos\/"},"img":{"alt_text":"","src":"","width":0,"height":0},"classes":[]},{"id":28,"url":"https:\/\/efagundes.com\/artigos\/gerenciamento-da-disponibilidade\/","url_meta":{"origin":26,"position":5},"title":"Gerenciamento da Disponibilidade","author":"Eduardo Fagundes","date":"27 de dezembro de 2011","format":false,"excerpt":"Gerenciar a disponibilidade dos servi\u00e7os de TI \u00e9 fundamental para avaliar se os objetivos do neg\u00f3cios est\u00e3o sendo atendidos de acordo com os n\u00edveis de servi\u00e7os (SLA) assinados. Normalmente, a disponibilidade \u00e9 calculada pela m\u00e9dia do per\u00edodo negociado no SLA. Considera-se o per\u00edodo onde possa haver impacto nos neg\u00f3cios da\u2026","rel":"","context":"Em &quot;Artigos&quot;","block_context":{"text":"Artigos","link":"https:\/\/efagundes.com\/artigos\/category\/artigos\/"},"img":{"alt_text":"","src":"","width":0,"height":0},"classes":[]}],"jetpack_sharing_enabled":true,"_links":{"self":[{"href":"https:\/\/efagundes.com\/artigos\/wp-json\/wp\/v2\/posts\/26","targetHints":{"allow":["GET"]}}],"collection":[{"href":"https:\/\/efagundes.com\/artigos\/wp-json\/wp\/v2\/posts"}],"about":[{"href":"https:\/\/efagundes.com\/artigos\/wp-json\/wp\/v2\/types\/post"}],"author":[{"embeddable":true,"href":"https:\/\/efagundes.com\/artigos\/wp-json\/wp\/v2\/users\/1"}],"replies":[{"embeddable":true,"href":"https:\/\/efagundes.com\/artigos\/wp-json\/wp\/v2\/comments?post=26"}],"version-history":[{"count":0,"href":"https:\/\/efagundes.com\/artigos\/wp-json\/wp\/v2\/posts\/26\/revisions"}],"wp:attachment":[{"href":"https:\/\/efagundes.com\/artigos\/wp-json\/wp\/v2\/media?parent=26"}],"wp:term":[{"taxonomy":"category","embeddable":true,"href":"https:\/\/efagundes.com\/artigos\/wp-json\/wp\/v2\/categories?post=26"},{"taxonomy":"post_tag","embeddable":true,"href":"https:\/\/efagundes.com\/artigos\/wp-json\/wp\/v2\/tags?post=26"}],"curies":[{"name":"wp","href":"https:\/\/api.w.org\/{rel}","templated":true}]}}