{"id":341,"date":"2014-04-03T17:48:52","date_gmt":"2014-04-03T20:48:52","guid":{"rendered":"http:\/\/efagundes.com\/itgov\/?p=341"},"modified":"2016-09-03T07:40:59","modified_gmt":"2016-09-03T10:40:59","slug":"o-desafio-da-energia-para-os-data-center-e-o-compromisso-com-a-sustentabilidade","status":"publish","type":"post","link":"https:\/\/efagundes.com\/artigos\/o-desafio-da-energia-para-os-data-center-e-o-compromisso-com-a-sustentabilidade\/","title":{"rendered":"O desafio da energia para os data centers e o compromisso com a sustentabilidade"},"content":{"rendered":"<p><a href=\"http:\/\/efagundes.com\/artigos\/wp-content\/uploads\/sites\/2\/2014\/04\/figura-clean-data-center-greenpeace-april-2014.png\"><img loading=\"lazy\" decoding=\"async\" class=\"alignnone size-full wp-image-1884\" src=\"http:\/\/efagundes.com\/artigos\/wp-content\/uploads\/sites\/2\/2014\/04\/figura-clean-data-center-greenpeace-april-2014.png\" alt=\"figura-clean-data-center-greenpeace-april-2014\" width=\"961\" height=\"360\" srcset=\"https:\/\/efagundes.com\/artigos\/wp-content\/uploads\/sites\/2\/2014\/04\/figura-clean-data-center-greenpeace-april-2014.png 961w, https:\/\/efagundes.com\/artigos\/wp-content\/uploads\/sites\/2\/2014\/04\/figura-clean-data-center-greenpeace-april-2014-300x112.png 300w\" sizes=\"auto, (max-width: 961px) 100vw, 961px\" \/><\/a><\/p>\n<p>Em abril de 2014, o Greenpeace liberou um novo relat\u00f3rio sobre o uso de energia renov\u00e1vel pelos maiores data centers globais. Esse relat\u00f3rio apresenta um ranking dos data centers mais comprometidos com o uso de energia renov\u00e1vel com o objetivo de mitigar a emiss\u00e3o de gases do efeito estufa. O relat\u00f3rio destaca a Apple, Google e Facebook com um forte compromisso de uso de energia renov\u00e1vel e critica a Amazon Web Services (AWS) pelo uso de energia n\u00e3o renov\u00e1vel e pouca transpar\u00eancia no setor.<\/p>\n<p><a href=\"http:\/\/efagundes.com\/artigos\/wp-content\/uploads\/sites\/2\/2014\/04\/figura-clean-data-center-greenpeace-company-scorecard-april-2014.png\"><img loading=\"lazy\" decoding=\"async\" class=\"alignnone size-full wp-image-1885\" src=\"http:\/\/efagundes.com\/artigos\/wp-content\/uploads\/sites\/2\/2014\/04\/figura-clean-data-center-greenpeace-company-scorecard-april-2014.png\" alt=\"figura-clean-data-center-greenpeace-company-scorecard-april-2014\" width=\"588\" height=\"802\" srcset=\"https:\/\/efagundes.com\/artigos\/wp-content\/uploads\/sites\/2\/2014\/04\/figura-clean-data-center-greenpeace-company-scorecard-april-2014.png 588w, https:\/\/efagundes.com\/artigos\/wp-content\/uploads\/sites\/2\/2014\/04\/figura-clean-data-center-greenpeace-company-scorecard-april-2014-220x300.png 220w\" sizes=\"auto, (max-width: 588px) 100vw, 588px\" \/><\/a><\/p>\n<p>As estimativas s\u00e3o que em 2014 cerca de 2,5 bilh\u00f5es de pessoas est\u00e3o conectadas a Internet no mundo. As previs\u00f5es s\u00e3o que teremos cerca de 3,6 bilh\u00f5es de pessoas conectadas em 2017. Cada vez mais as pessoas e os neg\u00f3cios s\u00e3o dependentes da Internet e isso cada vez mais poder computacional para executar os servi\u00e7os online.<\/p>\n<p>As empresas de tecnologia est\u00e3o criando novas solu\u00e7\u00f5es para aumentar o poder computacional dos equipamentos e solu\u00e7\u00f5es de software para maximizar o uso da infraestrutura. Essas a\u00e7\u00f5es de efici\u00eancia computacional reduzem o consumo de energia e necessidade de refrigera\u00e7\u00e3o, contribuindo para a redu\u00e7\u00e3o do uso de \u00e1gua para refrigerar o ambiente dos data centers.<\/p>\n<p>Na compara\u00e7\u00e3o de consumo de energia de pa\u00edses e Cloud Computing, mostra que em 2011 a energia consumida pelos data centers \u00e9 a sexta maior no mundo.<\/p>\n<p><a href=\"http:\/\/efagundes.com\/artigos\/wp-content\/uploads\/sites\/2\/2014\/04\/figura-clean-data-center-greenpeace-electricity-demand-april-2014.png\"><img loading=\"lazy\" decoding=\"async\" class=\"alignnone size-full wp-image-1886\" src=\"http:\/\/efagundes.com\/artigos\/wp-content\/uploads\/sites\/2\/2014\/04\/figura-clean-data-center-greenpeace-electricity-demand-april-2014.png\" alt=\"figura-clean-data-center-greenpeace-electricity-demand-april-2014\" width=\"702\" height=\"435\" srcset=\"https:\/\/efagundes.com\/artigos\/wp-content\/uploads\/sites\/2\/2014\/04\/figura-clean-data-center-greenpeace-electricity-demand-april-2014.png 702w, https:\/\/efagundes.com\/artigos\/wp-content\/uploads\/sites\/2\/2014\/04\/figura-clean-data-center-greenpeace-electricity-demand-april-2014-300x186.png 300w\" sizes=\"auto, (max-width: 702px) 100vw, 702px\" \/><\/a><\/p>\n<p>&nbsp;<\/p>\n<p>Essa situa\u00e7\u00e3o coloca a necessidade de um tratamento diferenciado para os data centers das pol\u00edticas p\u00fablicas e regulat\u00f3rias dos pa\u00edses.<\/p>\n<p>No Brasil, existe um forte incentivo para o uso da Internet como um fator de inclus\u00e3o social e desenvolvimento da economia. Entretanto, o Brasil apresenta um dos custos mais elevados de energia e telecomunica\u00e7\u00f5es do mundo. Isso tira a competitividade do setor e restringe a expans\u00e3o do uso da Internet, principalmente, das classes menos favorecidas que representa a grande parcela da popula\u00e7\u00e3o.<\/p>\n<p>A \u00fanica pol\u00edtica do governo que permite a redu\u00e7\u00e3o do custo de energia \u00e9 a compra de energia no mercado livre para empresas que possuem uma demanda de eletricidade acima de 500kW.<\/p>\n<p>Essa pol\u00edtica beneficia apenas os grandes data centers e, praticamente, elimina a competitividade dos pequenos e m\u00e9dios data centers.<\/p>\n<p>Infelizmente, o Brasil n\u00e3o tem uma pol\u00edtica forte de incentivo a minigera\u00e7\u00e3o de energia renov\u00e1vel pelas empresas. Os custos de implanta\u00e7\u00e3o de gera\u00e7\u00e3o de energia solar fotovoltaica, e\u00f3lica, biomassa e atrav\u00e9s de pequenas hidrel\u00e9tricas ainda n\u00e3o s\u00e3o atrativas para os data centers.<\/p>\n<p>Uma pol\u00edtica de subs\u00eddios para a gera\u00e7\u00e3o de energia de energia renov\u00e1vel para o setor de data centers traria um grande benef\u00edcio para a sociedade e para o crescimento da economia. Garantiria pre\u00e7os competitivos dos servi\u00e7os digitais mesmo em per\u00edodos de grandes estiagens, que exigem a gera\u00e7\u00e3o de energia por usinas termoel\u00e9tricas que al\u00e9m de poluidoras s\u00e3o mais caras.<\/p>\n<p>A proposta \u00e9 criar um regime especial para o setor de data centers com tr\u00eas pautas: (1) permitir que todos os data centers, independente da sua demanda de energia, possam comprar eletricidade no mercado livre; (2) isentar de impostos de importa\u00e7\u00e3o os equipamentos n\u00e3o produzidos no Brasil para a constru\u00e7\u00e3o de minigeradoras de energia pelos data centers; e, (3) redu\u00e7\u00e3o do IPTU dos data centers que reduzirem a emiss\u00e3o de gases do efeito estufa que contribuem para o Plano Municipal de Mudan\u00e7as Clim\u00e1ticas.<\/p>\n<p>&nbsp;<\/p>\n","protected":false},"excerpt":{"rendered":"<p>Em abril de 2014, o Greenpeace liberou um novo relat\u00f3rio sobre o uso de energia renov\u00e1vel pelos maiores data centers globais. Esse relat\u00f3rio apresenta um ranking dos data centers mais comprometidos com o uso de energia renov\u00e1vel com o objetivo de mitigar a emiss\u00e3o de gases do efeito estufa. O relat\u00f3rio destaca a Apple, Google [&hellip;]<\/p>\n","protected":false},"author":1,"featured_media":0,"comment_status":"open","ping_status":"closed","sticky":false,"template":"","format":"standard","meta":{"jetpack_post_was_ever_published":false,"_jetpack_newsletter_access":"","_jetpack_dont_email_post_to_subs":false,"_jetpack_newsletter_tier_id":0,"_jetpack_memberships_contains_paywalled_content":false,"_jetpack_memberships_contains_paid_content":false,"footnotes":""},"categories":[352,3,5],"tags":[47,84,89,90,113,200,224,244,267,285],"class_list":["post-341","post","type-post","status-publish","format-standard","hentry","category-artigos","category-blog","category-data-center","tag-capex","tag-data-center","tag-datacenter","tag-dcim","tag-energia-renovavel","tag-mercado-livre-de-energia","tag-opex","tag-produtividade","tag-six-sigma","tag-sustentabilidade"],"jetpack_featured_media_url":"","jetpack_shortlink":"https:\/\/wp.me\/p8yInB-5v","jetpack-related-posts":[{"id":1240,"url":"https:\/\/efagundes.com\/artigos\/adote-uma-usina-de-energia-renovavel\/","url_meta":{"origin":341,"position":0},"title":"Adote uma usina de energia renov\u00e1vel","author":"Eduardo Fagundes","date":"20 de janeiro de 2015","format":false,"excerpt":"O apag\u00e3o for\u00e7ado coordenado pelo Operador Nacional do Sistema (ONS) em 19 de janeiro de 2015, provou que o sistema el\u00e9trico brasileiro opera no limite e qualquer eleva\u00e7\u00e3o de demanda se torna inst\u00e1vel. A restri\u00e7\u00e3o de oferta atingiu as regi\u00f5es Sudeste, Centro-Oeste e Sul, ou seja, as regi\u00f5es de maior\u2026","rel":"","context":"Em &quot;Artigos&quot;","block_context":{"text":"Artigos","link":"https:\/\/efagundes.com\/artigos\/category\/artigos\/"},"img":{"alt_text":"","src":"","width":0,"height":0},"classes":[]},{"id":375,"url":"https:\/\/efagundes.com\/artigos\/um-novo-paradigma-data-center-e-geracao-de-energia-juntos\/","url_meta":{"origin":341,"position":1},"title":"Um novo paradigma: data center e gera\u00e7\u00e3o de energia juntos","author":"Eduardo Fagundes","date":"16 de maio de 2014","format":false,"excerpt":"Criou-se um novo paradigma no mercado de data centers. Praticamente, todos os novos grandes data centers est\u00e3o sendo constru\u00eddos fora dos grandes centros metropolitanos e \u00a0pr\u00f3ximo de fontes geradoras de energia renov\u00e1vel. Muitos dessas fontes de energia est\u00e3o sendo constru\u00eddas pelas pr\u00f3prias empresas de data centers. Veja um exemplo no\u2026","rel":"","context":"Em &quot;Artigos&quot;","block_context":{"text":"Artigos","link":"https:\/\/efagundes.com\/artigos\/category\/artigos\/"},"img":{"alt_text":"","src":"","width":0,"height":0},"classes":[]},{"id":420,"url":"https:\/\/efagundes.com\/artigos\/o-desafio-do-consumo-de-energia-dos-data-centers-no-brasil\/","url_meta":{"origin":341,"position":2},"title":"O desafio do consumo de energia dos Data Centers no Brasil","author":"Eduardo Fagundes","date":"28 de agosto de 2014","format":false,"excerpt":"O consumo total de energia dos data centers ocupa a sexta posi\u00e7\u00e3o no mundo se comparado ao consumo de pa\u00edses, perdendo apenas para a China, Estados Unidos, Jap\u00e3o, \u00cdndia e R\u00fassia (2011). Os recursos por mais processamento, armazenamento de dados e comunica\u00e7\u00f5es ir\u00e1 triplicar entre 2012 e 2017, crescendo de\u2026","rel":"","context":"Em &quot;Artigos&quot;","block_context":{"text":"Artigos","link":"https:\/\/efagundes.com\/artigos\/category\/artigos\/"},"img":{"alt_text":"","src":"","width":0,"height":0},"classes":[]},{"id":361,"url":"https:\/\/efagundes.com\/artigos\/indicadores-de-eficiencia-energetica-e-sustentabilidade-de-data-centers\/","url_meta":{"origin":341,"position":3},"title":"Indicadores de efici\u00eancia energ\u00e9tica e sustentabilidade de data centers","author":"Eduardo Fagundes","date":"16 de abril de 2014","format":false,"excerpt":"Os data centers assumem uma import\u00e2ncia cada vez maior nas opera\u00e7\u00f5es de neg\u00f3cios. Com o crescimento cada vez maior da demanda por processamento para atender as aplica\u00e7\u00f5es pessoais (redes sociais, aplicativos m\u00f3veis, jogo online, etc.) e de neg\u00f3cios (transa\u00e7\u00f5es comerciais entre empresas, B2B, log\u00edstica, ERP, etc.) os custos com energia\u2026","rel":"","context":"Em &quot;Artigos&quot;","block_context":{"text":"Artigos","link":"https:\/\/efagundes.com\/artigos\/category\/artigos\/"},"img":{"alt_text":"","src":"","width":0,"height":0},"classes":[]},{"id":598,"url":"https:\/\/efagundes.com\/artigos\/indicadores-de-sustentabilidade-e-eficiencia-energetica-para-data-centers\/","url_meta":{"origin":341,"position":4},"title":"Indicadores de sustentabilidade e efici\u00eancia energ\u00e9tica para data centers","author":"Eduardo Fagundes","date":"3 de dezembro de 2014","format":false,"excerpt":"Cada vez mais as empresas l\u00edderes est\u00e3o aderindo, voluntariamente, a compromissos de responsabilidade social e preserva\u00e7\u00e3o do meio ambiente. Essa iniciativa, obrigatoriamente, deve envolver suas cadeias de fornecedores, pois s\u00e3o respons\u00e1veis pelas mat\u00e9rias primas e componentes que integram de seus produtos e servi\u00e7os. A demanda por energia e \u00e1gua para\u2026","rel":"","context":"Em &quot;Artigos&quot;","block_context":{"text":"Artigos","link":"https:\/\/efagundes.com\/artigos\/category\/artigos\/"},"img":{"alt_text":"","src":"","width":0,"height":0},"classes":[]},{"id":2095,"url":"https:\/\/efagundes.com\/artigos\/energia-fotovoltaica-gerara-4-da-matriz-energetica-brasileira-ate-2024\/","url_meta":{"origin":341,"position":5},"title":"Energia fotovoltaica gerar\u00e1 4% da matriz energ\u00e9tica brasileira at\u00e9 2024","author":"Eduardo Fagundes","date":"14 de janeiro de 2016","format":false,"excerpt":"Estima-se que a energia fotovoltaica, gerada a partir de pain\u00e9is solares, produzir\u00e1 7 GW (giga watts) de eletricidade at\u00e9 2024, metade da energia produzida pela Usina de Itaipu. Em 2015 houve um crescimento de 300% da micro e mini gera\u00e7\u00e3o, produ\u00e7\u00e3o independente at\u00e9 1MWp. Espera-se contrata\u00e7\u00f5es na ordem de R$8\u2026","rel":"","context":"Em &quot;Artigos&quot;","block_context":{"text":"Artigos","link":"https:\/\/efagundes.com\/artigos\/category\/artigos\/"},"img":{"alt_text":"","src":"https:\/\/i0.wp.com\/efagundes.com\/artigos\/wp-content\/uploads\/sites\/2\/2016\/01\/mapa-energia-solar-no-brasil.jpg?resize=350%2C200&ssl=1","width":350,"height":200,"srcset":"https:\/\/i0.wp.com\/efagundes.com\/artigos\/wp-content\/uploads\/sites\/2\/2016\/01\/mapa-energia-solar-no-brasil.jpg?resize=350%2C200&ssl=1 1x, https:\/\/i0.wp.com\/efagundes.com\/artigos\/wp-content\/uploads\/sites\/2\/2016\/01\/mapa-energia-solar-no-brasil.jpg?resize=525%2C300&ssl=1 1.5x, https:\/\/i0.wp.com\/efagundes.com\/artigos\/wp-content\/uploads\/sites\/2\/2016\/01\/mapa-energia-solar-no-brasil.jpg?resize=700%2C400&ssl=1 2x, https:\/\/i0.wp.com\/efagundes.com\/artigos\/wp-content\/uploads\/sites\/2\/2016\/01\/mapa-energia-solar-no-brasil.jpg?resize=1050%2C600&ssl=1 3x, https:\/\/i0.wp.com\/efagundes.com\/artigos\/wp-content\/uploads\/sites\/2\/2016\/01\/mapa-energia-solar-no-brasil.jpg?resize=1400%2C800&ssl=1 4x"},"classes":[]}],"jetpack_sharing_enabled":true,"_links":{"self":[{"href":"https:\/\/efagundes.com\/artigos\/wp-json\/wp\/v2\/posts\/341","targetHints":{"allow":["GET"]}}],"collection":[{"href":"https:\/\/efagundes.com\/artigos\/wp-json\/wp\/v2\/posts"}],"about":[{"href":"https:\/\/efagundes.com\/artigos\/wp-json\/wp\/v2\/types\/post"}],"author":[{"embeddable":true,"href":"https:\/\/efagundes.com\/artigos\/wp-json\/wp\/v2\/users\/1"}],"replies":[{"embeddable":true,"href":"https:\/\/efagundes.com\/artigos\/wp-json\/wp\/v2\/comments?post=341"}],"version-history":[{"count":0,"href":"https:\/\/efagundes.com\/artigos\/wp-json\/wp\/v2\/posts\/341\/revisions"}],"wp:attachment":[{"href":"https:\/\/efagundes.com\/artigos\/wp-json\/wp\/v2\/media?parent=341"}],"wp:term":[{"taxonomy":"category","embeddable":true,"href":"https:\/\/efagundes.com\/artigos\/wp-json\/wp\/v2\/categories?post=341"},{"taxonomy":"post_tag","embeddable":true,"href":"https:\/\/efagundes.com\/artigos\/wp-json\/wp\/v2\/tags?post=341"}],"curies":[{"name":"wp","href":"https:\/\/api.w.org\/{rel}","templated":true}]}}