{"id":375,"date":"2014-05-16T19:09:47","date_gmt":"2014-05-16T22:09:47","guid":{"rendered":"http:\/\/efagundes.com\/itgov\/?p=375"},"modified":"2016-09-03T07:40:23","modified_gmt":"2016-09-03T10:40:23","slug":"um-novo-paradigma-data-center-e-geracao-de-energia-juntos","status":"publish","type":"post","link":"https:\/\/efagundes.com\/artigos\/um-novo-paradigma-data-center-e-geracao-de-energia-juntos\/","title":{"rendered":"Um novo paradigma: data center e gera\u00e7\u00e3o de energia juntos"},"content":{"rendered":"<p>Criou-se um novo paradigma no mercado de data centers. Praticamente, todos os novos grandes data centers est\u00e3o sendo constru\u00eddos fora dos grandes centros metropolitanos e \u00a0pr\u00f3ximo de fontes geradoras de energia renov\u00e1vel. Muitos dessas fontes de energia est\u00e3o sendo constru\u00eddas pelas pr\u00f3prias empresas de data centers. Veja um exemplo no v\u00eddeo abaixo.<\/p>\n","protected":false},"excerpt":{"rendered":"<p>Criou-se um novo paradigma no mercado de data centers. Praticamente, todos os novos grandes data centers est\u00e3o sendo constru\u00eddos fora dos grandes centros metropolitanos e \u00a0pr\u00f3ximo de fontes geradoras de energia renov\u00e1vel. Muitos dessas fontes de energia est\u00e3o sendo constru\u00eddas pelas pr\u00f3prias empresas de data centers. Veja um exemplo no v\u00eddeo abaixo.<\/p>\n","protected":false},"author":1,"featured_media":0,"comment_status":"open","ping_status":"closed","sticky":false,"template":"","format":"standard","meta":{"jetpack_post_was_ever_published":false,"_jetpack_newsletter_access":"","_jetpack_dont_email_post_to_subs":false,"_jetpack_newsletter_tier_id":0,"_jetpack_memberships_contains_paywalled_content":false,"_jetpack_memberships_contains_paid_content":false,"footnotes":""},"categories":[352,3,5],"tags":[71,84,113],"class_list":["post-375","post","type-post","status-publish","format-standard","hentry","category-artigos","category-blog","category-data-center","tag-construcao","tag-data-center","tag-energia-renovavel"],"jetpack_featured_media_url":"","jetpack_shortlink":"https:\/\/wp.me\/p8yInB-63","jetpack-related-posts":[{"id":420,"url":"https:\/\/efagundes.com\/artigos\/o-desafio-do-consumo-de-energia-dos-data-centers-no-brasil\/","url_meta":{"origin":375,"position":0},"title":"O desafio do consumo de energia dos Data Centers no Brasil","author":"Eduardo Fagundes","date":"28 de agosto de 2014","format":false,"excerpt":"O consumo total de energia dos data centers ocupa a sexta posi\u00e7\u00e3o no mundo se comparado ao consumo de pa\u00edses, perdendo apenas para a China, Estados Unidos, Jap\u00e3o, \u00cdndia e R\u00fassia (2011). Os recursos por mais processamento, armazenamento de dados e comunica\u00e7\u00f5es ir\u00e1 triplicar entre 2012 e 2017, crescendo de\u2026","rel":"","context":"Em &quot;Artigos&quot;","block_context":{"text":"Artigos","link":"https:\/\/efagundes.com\/artigos\/category\/artigos\/"},"img":{"alt_text":"","src":"","width":0,"height":0},"classes":[]},{"id":341,"url":"https:\/\/efagundes.com\/artigos\/o-desafio-da-energia-para-os-data-center-e-o-compromisso-com-a-sustentabilidade\/","url_meta":{"origin":375,"position":1},"title":"O desafio da energia para os data centers e o compromisso com a sustentabilidade","author":"Eduardo Fagundes","date":"3 de abril de 2014","format":false,"excerpt":"Em abril de 2014, o Greenpeace liberou um novo relat\u00f3rio sobre o uso de energia renov\u00e1vel pelos maiores data centers globais. Esse relat\u00f3rio apresenta um ranking dos data centers mais comprometidos com o uso de energia renov\u00e1vel com o objetivo de mitigar a emiss\u00e3o de gases do efeito estufa. O\u2026","rel":"","context":"Em &quot;Artigos&quot;","block_context":{"text":"Artigos","link":"https:\/\/efagundes.com\/artigos\/category\/artigos\/"},"img":{"alt_text":"figura-clean-data-center-greenpeace-april-2014","src":"https:\/\/i0.wp.com\/efagundes.com\/artigos\/wp-content\/uploads\/sites\/2\/2014\/04\/figura-clean-data-center-greenpeace-april-2014.png?resize=350%2C200","width":350,"height":200,"srcset":"https:\/\/i0.wp.com\/efagundes.com\/artigos\/wp-content\/uploads\/sites\/2\/2014\/04\/figura-clean-data-center-greenpeace-april-2014.png?resize=350%2C200 1x, https:\/\/i0.wp.com\/efagundes.com\/artigos\/wp-content\/uploads\/sites\/2\/2014\/04\/figura-clean-data-center-greenpeace-april-2014.png?resize=525%2C300 1.5x, https:\/\/i0.wp.com\/efagundes.com\/artigos\/wp-content\/uploads\/sites\/2\/2014\/04\/figura-clean-data-center-greenpeace-april-2014.png?resize=700%2C400 2x"},"classes":[]},{"id":1240,"url":"https:\/\/efagundes.com\/artigos\/adote-uma-usina-de-energia-renovavel\/","url_meta":{"origin":375,"position":2},"title":"Adote uma usina de energia renov\u00e1vel","author":"Eduardo Fagundes","date":"20 de janeiro de 2015","format":false,"excerpt":"O apag\u00e3o for\u00e7ado coordenado pelo Operador Nacional do Sistema (ONS) em 19 de janeiro de 2015, provou que o sistema el\u00e9trico brasileiro opera no limite e qualquer eleva\u00e7\u00e3o de demanda se torna inst\u00e1vel. A restri\u00e7\u00e3o de oferta atingiu as regi\u00f5es Sudeste, Centro-Oeste e Sul, ou seja, as regi\u00f5es de maior\u2026","rel":"","context":"Em &quot;Artigos&quot;","block_context":{"text":"Artigos","link":"https:\/\/efagundes.com\/artigos\/category\/artigos\/"},"img":{"alt_text":"","src":"","width":0,"height":0},"classes":[]},{"id":361,"url":"https:\/\/efagundes.com\/artigos\/indicadores-de-eficiencia-energetica-e-sustentabilidade-de-data-centers\/","url_meta":{"origin":375,"position":3},"title":"Indicadores de efici\u00eancia energ\u00e9tica e sustentabilidade de data centers","author":"Eduardo Fagundes","date":"16 de abril de 2014","format":false,"excerpt":"Os data centers assumem uma import\u00e2ncia cada vez maior nas opera\u00e7\u00f5es de neg\u00f3cios. Com o crescimento cada vez maior da demanda por processamento para atender as aplica\u00e7\u00f5es pessoais (redes sociais, aplicativos m\u00f3veis, jogo online, etc.) e de neg\u00f3cios (transa\u00e7\u00f5es comerciais entre empresas, B2B, log\u00edstica, ERP, etc.) os custos com energia\u2026","rel":"","context":"Em &quot;Artigos&quot;","block_context":{"text":"Artigos","link":"https:\/\/efagundes.com\/artigos\/category\/artigos\/"},"img":{"alt_text":"","src":"","width":0,"height":0},"classes":[]},{"id":383,"url":"https:\/\/efagundes.com\/artigos\/containers-o-novo-paradigma-para-data-centers\/","url_meta":{"origin":375,"position":4},"title":"Containers o novo paradigma para data centers","author":"Eduardo Fagundes","date":"17 de junho de 2014","format":false,"excerpt":"Os containers data centers est\u00e3o mudando o paradigma de uso de sofisticadas constru\u00e7\u00f5es e salas cofre para abrigar a infraestrutura de TI. \u00a0Cada vez mais s\u00e3o\u00a0exigidos locais seguros para servidores e armazenamento de dados com prote\u00e7\u00f5es contra inc\u00eandio, sistemas redundantes de refrigera\u00e7\u00e3o e energia, e robustos controles de acesso. Um\u2026","rel":"","context":"Em &quot;Artigos&quot;","block_context":{"text":"Artigos","link":"https:\/\/efagundes.com\/artigos\/category\/artigos\/"},"img":{"alt_text":"","src":"","width":0,"height":0},"classes":[]},{"id":598,"url":"https:\/\/efagundes.com\/artigos\/indicadores-de-sustentabilidade-e-eficiencia-energetica-para-data-centers\/","url_meta":{"origin":375,"position":5},"title":"Indicadores de sustentabilidade e efici\u00eancia energ\u00e9tica para data centers","author":"Eduardo Fagundes","date":"3 de dezembro de 2014","format":false,"excerpt":"Cada vez mais as empresas l\u00edderes est\u00e3o aderindo, voluntariamente, a compromissos de responsabilidade social e preserva\u00e7\u00e3o do meio ambiente. Essa iniciativa, obrigatoriamente, deve envolver suas cadeias de fornecedores, pois s\u00e3o respons\u00e1veis pelas mat\u00e9rias primas e componentes que integram de seus produtos e servi\u00e7os. A demanda por energia e \u00e1gua para\u2026","rel":"","context":"Em &quot;Artigos&quot;","block_context":{"text":"Artigos","link":"https:\/\/efagundes.com\/artigos\/category\/artigos\/"},"img":{"alt_text":"","src":"","width":0,"height":0},"classes":[]}],"jetpack_sharing_enabled":true,"_links":{"self":[{"href":"https:\/\/efagundes.com\/artigos\/wp-json\/wp\/v2\/posts\/375","targetHints":{"allow":["GET"]}}],"collection":[{"href":"https:\/\/efagundes.com\/artigos\/wp-json\/wp\/v2\/posts"}],"about":[{"href":"https:\/\/efagundes.com\/artigos\/wp-json\/wp\/v2\/types\/post"}],"author":[{"embeddable":true,"href":"https:\/\/efagundes.com\/artigos\/wp-json\/wp\/v2\/users\/1"}],"replies":[{"embeddable":true,"href":"https:\/\/efagundes.com\/artigos\/wp-json\/wp\/v2\/comments?post=375"}],"version-history":[{"count":0,"href":"https:\/\/efagundes.com\/artigos\/wp-json\/wp\/v2\/posts\/375\/revisions"}],"wp:attachment":[{"href":"https:\/\/efagundes.com\/artigos\/wp-json\/wp\/v2\/media?parent=375"}],"wp:term":[{"taxonomy":"category","embeddable":true,"href":"https:\/\/efagundes.com\/artigos\/wp-json\/wp\/v2\/categories?post=375"},{"taxonomy":"post_tag","embeddable":true,"href":"https:\/\/efagundes.com\/artigos\/wp-json\/wp\/v2\/tags?post=375"}],"curies":[{"name":"wp","href":"https:\/\/api.w.org\/{rel}","templated":true}]}}