{"id":389,"date":"2014-06-19T08:26:41","date_gmt":"2014-06-19T11:26:41","guid":{"rendered":"http:\/\/efagundes.com\/itgov\/?p=389"},"modified":"2016-09-03T07:40:14","modified_gmt":"2016-09-03T10:40:14","slug":"simplificando-a-vida-do-executivo","status":"publish","type":"post","link":"https:\/\/efagundes.com\/artigos\/simplificando-a-vida-do-executivo\/","title":{"rendered":"Simplificando a vida do executivo"},"content":{"rendered":"<p>Um dos objetivos da tecnologia \u00e9 o aumento da produtividade das pessoas. Sem d\u00favida, a tecnologia tem ajudado muito as pessoas a simplificar suas tarefas no dia a dia. A possibilidade de configurar os equipamentos para o seu perfil de uso melhora a produtividade. Entretanto, ainda existe um grande desafio para\u00a0simplificar a vida dos executivos que utilizam smartphones, tablets e notebooks corporativos. N\u00e3o \u00e9 raro ver executivos com dois smartphones e ter dificuldades para acessar algumas redes sociais ou sites na Internet usando seus notebooks corporativos. Al\u00e9m disso, precisam executar rotinas de backup de arquivos e criptografia de arquivos importantes, tirando o foco do seu trabalho. Como simplificar a vida do executivo?<\/p>\n<p>Em primeiro lugar temos que entender que os equipamentos m\u00f3veis se integraram definitivamente na rotina di\u00e1ria das pessoas. Cada um tem suas preferencias por equipamentos e sistemas operacionais. Se a \u00e1rea de TI definiu o Android como padr\u00e3o corporativo e o executivo prefere o iOS, certamente ele ter\u00e1 dois equipamentos. Inevitavelmente, em algum momento ele armazenar\u00e1 um arquivo corporativo no seu smartphone ou tablet pessoal e quebrar\u00e1 o sistema de seguran\u00e7a.<\/p>\n<p>Em muitas empresas o backup dos arquivos \u00e9 de responsabilidade dos executivos, seja em servidores corporativos ou em m\u00eddia local. Deixar essa rotina operacional desvia o executivo do seu foco de trabalho, reduzindo sua produtividade.<\/p>\n<p>Sem falar nas horas perdidas dos executivos em manuten\u00e7\u00f5es de computadores e de smartphones. Acredito que cada um de n\u00f3s tenha uma hist\u00f3ria chata do tempo perdido para consertar ou substituir um equipamento.<\/p>\n<p>Uma solu\u00e7\u00e3o para esse problema \u00e9 a virtualiza\u00e7\u00e3o das aplica\u00e7\u00f5es, conhecida como VDI, Virtualization Desktop Infrastructure. Na verdade, a tecnologia j\u00e1 evoluiu e n\u00e3o se restringe apenas a desktops, mas para todos os equipamentos m\u00f3veis.<\/p>\n<p>Uma das restri\u00e7\u00f5es de uso dessa tecnologia era a dificuldade de conex\u00e3o dos equipamentos via Internet m\u00f3vel. Esse problema est\u00e1 sendo superado com a nova tecnologia 4G e a disponibilidade cada vez maior de WiFi em locais p\u00fablicos.<\/p>\n<p>A virtualiza\u00e7\u00e3o permite compartilhar de forma inteligente os recursos computacionais dos equipamentos m\u00f3veis e servidores corporativos ou da nuvem de computadores (Cloud Computing).<\/p>\n<p>Com a virtualiza\u00e7\u00e3o todos os softwares e arquivos ficam armazenados nos servidores. Isso elimina a necessidade de backups, simplifica muito a substitui\u00e7\u00e3o de equipamentos e atualiza\u00e7\u00f5es de software. Al\u00e9m de aumentar a produtividade, aumenta significativamente a seguran\u00e7a das informa\u00e7\u00f5es.<\/p>\n<p>Interessante observar que j\u00e1 utilizamos o VDI com o MS-Office 365 e os aplicativos do Google Drive. Para quem explora as facilidades de trabalho colaborativo conhece as enormes vantagens e ganhos de produtividade.<\/p>\n<p>Permite a introdu\u00e7\u00e3o do conceito de BYOD, <em>Bring Your Own Device<\/em>, ou seja, cada executivo pode escolher seu pr\u00f3prio equipamento m\u00f3vel. Isso reduz os investimentos em aquisi\u00e7\u00f5es de equipamentos pela empresa e aumenta a produtividade e satisfa\u00e7\u00e3o no trabalho.<\/p>\n<p>Um dos equ\u00edvocos nos estudos de viabilidade econ\u00f4mica dos projetos de VDI \u00e9 n\u00e3o considerar o aumento de produtividade dos executivos, incluindo a redu\u00e7\u00e3o do tempo perdido em backups, manuten\u00e7\u00f5es e substitui\u00e7\u00f5es de equipamentos. Ainda se for considerado a introdu\u00e7\u00e3o do conceito de BYOD as vantagens econ\u00f4micas se ampliam.<\/p>\n<p>Nosso n\u00facleo de pesquisa pode ajudar nos estudos de viabilidade econ\u00f4mica para comprovar as vantagens da virtualiza\u00e7\u00e3o das aplica\u00e7\u00f5es m\u00f3veis.<\/p>\n","protected":false},"excerpt":{"rendered":"<p>Um dos objetivos da tecnologia \u00e9 o aumento da produtividade das pessoas. Sem d\u00favida, a tecnologia tem ajudado muito as pessoas a simplificar suas tarefas no dia a dia. A possibilidade de configurar os equipamentos para o seu perfil de uso melhora a produtividade. Entretanto, ainda existe um grande desafio para\u00a0simplificar a vida dos executivos [&hellip;]<\/p>\n","protected":false},"author":1,"featured_media":0,"comment_status":"open","ping_status":"closed","sticky":false,"template":"","format":"standard","meta":{"jetpack_post_was_ever_published":false,"_jetpack_newsletter_access":"","_jetpack_dont_email_post_to_subs":false,"_jetpack_newsletter_tier_id":0,"_jetpack_memberships_contains_paywalled_content":false,"_jetpack_memberships_contains_paid_content":false,"footnotes":""},"categories":[352,3,8],"tags":[97,244,298],"class_list":["post-389","post","type-post","status-publish","format-standard","hentry","category-artigos","category-blog","category-eficiencia-executiva","tag-desktop-virtualization-infrastructure","tag-produtividade","tag-vdi"],"jetpack_featured_media_url":"","jetpack_shortlink":"https:\/\/wp.me\/p8yInB-6h","jetpack-related-posts":[{"id":1130,"url":"https:\/\/efagundes.com\/artigos\/pare-de-reclamar-e-esperar-a-ajuda-do-governo-aumente-a-sua-produtividade-e-lucre-mais\/","url_meta":{"origin":389,"position":0},"title":"Pare de reclamar e esperar a ajuda do governo. Aumente sua produtividade e lucre mais.","author":"Eduardo Fagundes","date":"8 de novembro de 2014","format":false,"excerpt":"O empresariado brasileiro precisa resolver o problema da nossa baixa produtividade, ponto. Viver sob a tutela dos subs\u00eddios do governo n\u00e3o cria condi\u00e7\u00f5es para saltos, significativos, de produtividade. Temos parar de reclamar e esperar a ajuda do governo. Podemos trabalhar em cinco \u00e1reas para melhorar nossa produtividade: educa\u00e7\u00e3o; tecnologia e\u2026","rel":"","context":"Em &quot;Artigos&quot;","block_context":{"text":"Artigos","link":"https:\/\/efagundes.com\/artigos\/category\/artigos\/"},"img":{"alt_text":"","src":"","width":0,"height":0},"classes":[]},{"id":365,"url":"https:\/\/efagundes.com\/artigos\/qual-futuro-dos-tradicionais-pcs\/","url_meta":{"origin":389,"position":1},"title":"Qual o futuro dos tradicionais PCs?","author":"Eduardo Fagundes","date":"3 de maio de 2014","format":false,"excerpt":"Ap\u00f3s desistir do mercado de PCs, Sony registra uma perda superior a US$ 1 bilh\u00e3o no ano fiscal de 2013. A IBM vendeu em 2005 sua divis\u00e3o de PCs para a Lenovo e em 2014 sua divis\u00e3o de servidores x86. O mercado de tablets cresce a cada ano. A modalidade\u2026","rel":"","context":"Em &quot;Artigos&quot;","block_context":{"text":"Artigos","link":"https:\/\/efagundes.com\/artigos\/category\/artigos\/"},"img":{"alt_text":"","src":"","width":0,"height":0},"classes":[]},{"id":2261,"url":"https:\/\/efagundes.com\/artigos\/o-desafio-do-crescimento-do-brasil-sera-vencido-atraves-da-produtividade-e-criatividade\/","url_meta":{"origin":389,"position":2},"title":"O desafio do crescimento do Brasil ser\u00e1 vencido atrav\u00e9s da produtividade e criatividade","author":"Eduardo Fagundes","date":"5 de setembro de 2016","format":false,"excerpt":"Parece que existem dois consensos entre os economistas, a necessidade de um ajuste fiscal e o aumento da produtividade da ind\u00fastria. A previd\u00eancia \u00e9 uma bomba rel\u00f3gio que se n\u00e3o desarmada agora destruir\u00e1 a aposentadoria no futuro. De dezembro de 2014 at\u00e9 agosto de 2016 a massa trabalhadora perdeu R$10\u2026","rel":"","context":"Em &quot;Artigos&quot;","block_context":{"text":"Artigos","link":"https:\/\/efagundes.com\/artigos\/category\/artigos\/"},"img":{"alt_text":"rede-massa-trabalhadora-1","src":"https:\/\/i0.wp.com\/efagundes.com\/artigos\/wp-content\/uploads\/sites\/2\/2016\/09\/rede-massa-trabalhadora-1.png?resize=350%2C200","width":350,"height":200},"classes":[]},{"id":963,"url":"https:\/\/efagundes.com\/artigos\/por-favor-me-arrume-um-problema\/","url_meta":{"origin":389,"position":3},"title":"Por favor, me arrume um problema","author":"Eduardo Fagundes","date":"30 de novembro de 2013","format":false,"excerpt":"As inova\u00e7\u00f5es acontecem a partir da necessidade de solu\u00e7\u00e3o de problemas ou de desafios impostos por algu\u00e9m. O empreendedor estabelece seus pr\u00f3prios desafios e busca, incansavelmente, problemas para resolv\u00ea-los. A diferen\u00e7a entre um solucionador de problemas e um agente de inova\u00e7\u00e3o \u00e9 a criatividade na a solu\u00e7\u00e3o do problema. Infelizmente,\u2026","rel":"","context":"Em &quot;Artigos&quot;","block_context":{"text":"Artigos","link":"https:\/\/efagundes.com\/artigos\/category\/artigos\/"},"img":{"alt_text":"","src":"","width":0,"height":0},"classes":[]},{"id":2402,"url":"https:\/\/efagundes.com\/artigos\/metodologia-5s-e-gestao-de-tic\/","url_meta":{"origin":389,"position":4},"title":"A Metodologia 5S e a Gest\u00e3o de TIC","author":"Eduardo Fagundes","date":"24 de julho de 2017","format":false,"excerpt":"A metodologia 5s \u00e9 utilizada para melhorar a produtividade das pessoas e organiza\u00e7\u00f5es. Foca na redu\u00e7\u00e3o do tempo de acesso as coisas necess\u00e1rias para o trabalho, na redu\u00e7\u00e3o de despesas com materiais e equipamentos, na melhoria de qualidade de produtos e servi\u00e7os e na satisfa\u00e7\u00e3o das pessoas com o trabalho.\u2026","rel":"","context":"Em &quot;Blog&quot;","block_context":{"text":"Blog","link":"https:\/\/efagundes.com\/artigos\/category\/blog\/"},"img":{"alt_text":"Metodologia 5S","src":"https:\/\/i0.wp.com\/efagundes.com\/artigos\/wp-content\/uploads\/sites\/2\/2017\/07\/metdologia-5s.jpg?resize=350%2C200&ssl=1","width":350,"height":200},"classes":[]},{"id":814,"url":"https:\/\/efagundes.com\/artigos\/criatividade-e-diferente-de-inovacao\/","url_meta":{"origin":389,"position":5},"title":"Inova\u00e7\u00e3o \u00e9 execu\u00e7\u00e3o","author":"Eduardo Fagundes","date":"23 de agosto de 2013","format":false,"excerpt":"Criatividade \u00e9 diferente de inova\u00e7\u00e3o. A ponte entre uma ideia criativa e a inova\u00e7\u00e3o \u00e9 a execu\u00e7\u00e3o. O grande empres\u00e1rio e inventor americano Thomas Edison dizia que uma inven\u00e7\u00e3o era 1% de inspira\u00e7\u00e3o e 99% de transpira\u00e7\u00e3o. N\u00e3o se transforma uma ideia em produto se n\u00e3o existir uma metodologia e\u2026","rel":"","context":"Em &quot;Artigos&quot;","block_context":{"text":"Artigos","link":"https:\/\/efagundes.com\/artigos\/category\/artigos\/"},"img":{"alt_text":"","src":"","width":0,"height":0},"classes":[]}],"jetpack_sharing_enabled":true,"_links":{"self":[{"href":"https:\/\/efagundes.com\/artigos\/wp-json\/wp\/v2\/posts\/389","targetHints":{"allow":["GET"]}}],"collection":[{"href":"https:\/\/efagundes.com\/artigos\/wp-json\/wp\/v2\/posts"}],"about":[{"href":"https:\/\/efagundes.com\/artigos\/wp-json\/wp\/v2\/types\/post"}],"author":[{"embeddable":true,"href":"https:\/\/efagundes.com\/artigos\/wp-json\/wp\/v2\/users\/1"}],"replies":[{"embeddable":true,"href":"https:\/\/efagundes.com\/artigos\/wp-json\/wp\/v2\/comments?post=389"}],"version-history":[{"count":0,"href":"https:\/\/efagundes.com\/artigos\/wp-json\/wp\/v2\/posts\/389\/revisions"}],"wp:attachment":[{"href":"https:\/\/efagundes.com\/artigos\/wp-json\/wp\/v2\/media?parent=389"}],"wp:term":[{"taxonomy":"category","embeddable":true,"href":"https:\/\/efagundes.com\/artigos\/wp-json\/wp\/v2\/categories?post=389"},{"taxonomy":"post_tag","embeddable":true,"href":"https:\/\/efagundes.com\/artigos\/wp-json\/wp\/v2\/tags?post=389"}],"curies":[{"name":"wp","href":"https:\/\/api.w.org\/{rel}","templated":true}]}}