{"id":393,"date":"2014-06-25T10:47:42","date_gmt":"2014-06-25T13:47:42","guid":{"rendered":"http:\/\/efagundes.com\/itgov\/?p=393"},"modified":"2016-09-03T07:40:13","modified_gmt":"2016-09-03T10:40:13","slug":"a-inovacao-em-uma-ti-hibrida","status":"publish","type":"post","link":"https:\/\/efagundes.com\/artigos\/a-inovacao-em-uma-ti-hibrida\/","title":{"rendered":"A inova\u00e7\u00e3o em uma TI hibrida"},"content":{"rendered":"<p>Os grandes provedores de tecnologia est\u00e3o migrando seus softwares para Cloud Computing. A Microsoft, SAP, IBM, Adobe e outras j\u00e1 ofertam suas solu\u00e7\u00f5es na nuvem. A SAP anunciou uma nova estrutura organizacional orientada a Cloud Computing. Essa movimenta\u00e7\u00e3o dos fornecedores para a nuvem obrigar\u00e1, mais cedo ou mais tarde, as empresas usu\u00e1rias a se reorganizarem para alinhamento na nova onda tecnol\u00f3gica. Isso significa que no planejamento da TI de m\u00e9dio e longo prazo a plataforma de nuvem deve estar prevista.<\/p>\n<p>Apesar da resist\u00eancia de algumas empresas ao Cloud Computing e em executar seus sistemas em ambientes externos isso parece ser um caminho sem volta. Se existe esse movimento das empresas, que sempre seguem a voz do cliente, significa que existe o consenso que esse \u00e9 o novo paradigma da tecnologia e as for\u00e7as de mercado levar\u00e3o ao alinhamento de todas as empresas que buscam competitividade.<\/p>\n<p>O ambiente de Cloud Computing \u00e9 mais seguro e tem a melhor rela\u00e7\u00e3o custo\/benef\u00edcio para a maioria das empresas pequenas e m\u00e9dias, baseado na minha experi\u00eancia como consultor. Para as grandes, depende de caso a caso. Uma alternativa para as grandes \u00e9 implantar a plataforma de Cloud Computing interna, como est\u00e1 fazendo o SERPRO. Isso flexibiliza a ado\u00e7\u00e3o no futuro de servi\u00e7os externos ou prover servi\u00e7os para clientes baseados na nuvem.<\/p>\n<p>Servi\u00e7os com funcionalidades padr\u00e3o para atender processos padr\u00e3o n\u00e3o geram inova\u00e7\u00e3o, apenas garante os mesmos n\u00edveis de competitividade para as empresas. Desta forma, \u00e9 importante que as empresas estabele\u00e7am uma plataforma flex\u00edvel e integr\u00e1vel com os ERPs para implantar funcionalidades inovadoras para neg\u00f3cios inovadores.<\/p>\n<p>Imagino que a pr\u00f3xima onda de inova\u00e7\u00e3o ser\u00e1 a cria\u00e7\u00e3o de uma plataforma hibrida aproveitando as informa\u00e7\u00f5es geradas pelos ERPs padr\u00e3o e trabalhando com esses dados para produzir novos servi\u00e7os baseados na an\u00e1lise das informa\u00e7\u00f5es, incluindo o Big Data.<\/p>\n<p>As empresas que implementarem novas plataformas de tecnologia combinando o Cloud Computing na modalidade de SaaS (Software as a Service) e PaaS (Platform as a Service) ou IaaS (Infrastructure as a Service) ter\u00e3o vantagem competitiva no curto, m\u00e9dio e longo prazo.<\/p>\n<p><a href=\"http:\/\/efagundes.com\/itgov\/wp-content\/uploads\/inovacao-na-ti-hibrida.jpg\"><img loading=\"lazy\" decoding=\"async\" class=\"alignnone wp-image-395\" src=\"http:\/\/efagundes.com\/itgov\/wp-content\/uploads\/inovacao-na-ti-hibrida.jpg\" alt=\"inovacao na ti hibrida\" width=\"480\" height=\"343\" \/><\/a><\/p>\n","protected":false},"excerpt":{"rendered":"<p>Os grandes provedores de tecnologia est\u00e3o migrando seus softwares para Cloud Computing. A Microsoft, SAP, IBM, Adobe e outras j\u00e1 ofertam suas solu\u00e7\u00f5es na nuvem. A SAP anunciou uma nova estrutura organizacional orientada a Cloud Computing. Essa movimenta\u00e7\u00e3o dos fornecedores para a nuvem obrigar\u00e1, mais cedo ou mais tarde, as empresas usu\u00e1rias a se reorganizarem [&hellip;]<\/p>\n","protected":false},"author":1,"featured_media":0,"comment_status":"open","ping_status":"closed","sticky":false,"template":"","format":"standard","meta":{"jetpack_post_was_ever_published":false,"_jetpack_newsletter_access":"","_jetpack_dont_email_post_to_subs":false,"_jetpack_newsletter_tier_id":0,"_jetpack_memberships_contains_paywalled_content":false,"_jetpack_memberships_contains_paid_content":false,"footnotes":""},"categories":[352,3,5],"tags":[61,70,117,149,161,229,257],"class_list":["post-393","post","type-post","status-publish","format-standard","hentry","category-artigos","category-blog","category-data-center","tag-cloud-computing","tag-computacao-em-nuvem","tag-erp","tag-iaas","tag-inovacao","tag-paas","tag-saas"],"jetpack_featured_media_url":"","jetpack_shortlink":"https:\/\/wp.me\/p8yInB-6l","jetpack-related-posts":[{"id":1982,"url":"https:\/\/efagundes.com\/artigos\/as-oportunidades-do-cloud-computing-e-big-data\/","url_meta":{"origin":393,"position":0},"title":"As oportunidades do Cloud Computing e Big Data","author":"Eduardo Fagundes","date":"24 de abril de 2015","format":false,"excerpt":"Uma pesquisa do Worldwide Quarterly Cloud IT Infraestructure Tracker, da IDC, mostra que o custo total estimado em infraestrutura para Cloud Computing deve crescer 21% por ano, totalizando US$32 bilh\u00f5es em 2015. Segundo a pesquisa a infraestrutura para nuvens privadas de crescer 16% por ano, chegando a US$12 bilh\u00f5es e\u2026","rel":"","context":"Em &quot;Artigos&quot;","block_context":{"text":"Artigos","link":"https:\/\/efagundes.com\/artigos\/category\/artigos\/"},"img":{"alt_text":"","src":"","width":0,"height":0},"classes":[]},{"id":1252,"url":"https:\/\/efagundes.com\/artigos\/a-digitalizacao-da-operacao\/","url_meta":{"origin":393,"position":1},"title":"A Digitaliza\u00e7\u00e3o da Opera\u00e7\u00e3o","author":"Eduardo Fagundes","date":"22 de janeiro de 2015","format":false,"excerpt":"A introdu\u00e7\u00e3o das tecnologias na ind\u00fastria \u00e9 feita em ondas. A Internet tem gerado v\u00e1rias ondas, come\u00e7ou com B2C (Business-to-Consumer), B2B (Business-to-Bussiness) e eGov (Governo Eletr\u00f4nico). Avan\u00e7ou para dispositivos m\u00f3veis (smartphones, tablets, console de games), ou seja, a Internet est\u00e1 em todos os lugares \u2013 Internet Everywhere. Agora chegou a\u2026","rel":"","context":"Em &quot;Artigos&quot;","block_context":{"text":"Artigos","link":"https:\/\/efagundes.com\/artigos\/category\/artigos\/"},"img":{"alt_text":"","src":"","width":0,"height":0},"classes":[]},{"id":955,"url":"https:\/\/efagundes.com\/artigos\/inteligencia-de-mercado-com-big-data-e-cloud-computing\/","url_meta":{"origin":393,"position":2},"title":"Intelig\u00eancia de mercado com Big Data e Cloud Computing","author":"Eduardo Fagundes","date":"1 de novembro de 2013","format":false,"excerpt":"O sonho dourado dos empreendedores e executivos de empresas \u00e9 criar produtos e servi\u00e7os para mercados de baixa concorr\u00eancia e com grande margem de lucro. Muitas vezes esse produto \u00e9 um \u201cOvo de Colombo\u201d. Aquele onde as pessoas dizem: \u201cComo n\u00e3o pensei nisso antes?\u201d. Um novo produto \u00e9 resultado da\u2026","rel":"","context":"Em &quot;Artigos&quot;","block_context":{"text":"Artigos","link":"https:\/\/efagundes.com\/artigos\/category\/artigos\/"},"img":{"alt_text":"","src":"","width":0,"height":0},"classes":[]},{"id":2012,"url":"https:\/\/efagundes.com\/artigos\/solucoes-de-gerenciamento-de-dados-para-analytics\/","url_meta":{"origin":393,"position":3},"title":"Solu\u00e7\u00f5es de gerenciamento de dados para Analytics","author":"Eduardo Fagundes","date":"10 de maio de 2015","format":false,"excerpt":"O grande desafio das empresas \u00e9 integrar dados estruturados de seus bancos de dados relacionais e seus Data Warehouse com dados de outras bases, em diferentes formatos e formas de acesso. O uso de bases externas cresce, exponencialmente, com m\u00e9todos de aquisi\u00e7\u00e3o como o REST e web services. Cresce, tamb\u00e9m,\u2026","rel":"","context":"Em &quot;Artigos&quot;","block_context":{"text":"Artigos","link":"https:\/\/efagundes.com\/artigos\/category\/artigos\/"},"img":{"alt_text":"","src":"","width":0,"height":0},"classes":[]},{"id":2022,"url":"https:\/\/efagundes.com\/artigos\/a-crise-e-a-ti-como-reduzir-40-50-das-despesas-de-ti\/","url_meta":{"origin":393,"position":4},"title":"A crise e a TI. Como reduzir 40-50% das despesas de TI?","author":"Eduardo Fagundes","date":"31 de maio de 2015","format":false,"excerpt":"Especialistas afirmam que nossa economia demorar\u00e1 a se recuperar e teremos baixo crescimento nos pr\u00f3ximos anos. Os subs\u00eddios do governo secaram. As taxas de juros est\u00e3o nas alturas e a economia dos gastos p\u00fablicos est\u00e1 sendo transferida para quem tem t\u00edtulos da d\u00edvida p\u00fablica. O desemprego aumentar\u00e1 e a renda\u2026","rel":"","context":"Em &quot;Artigos&quot;","block_context":{"text":"Artigos","link":"https:\/\/efagundes.com\/artigos\/category\/artigos\/"},"img":{"alt_text":"","src":"","width":0,"height":0},"classes":[]},{"id":966,"url":"https:\/\/efagundes.com\/artigos\/atitude-empreendedora-diante-da-crise-economica\/","url_meta":{"origin":393,"position":5},"title":"Atitude empreendedora diante da crise econ\u00f4mica","author":"Eduardo Fagundes","date":"10 de dezembro de 2013","format":false,"excerpt":"As previs\u00f5es de crescimento econ\u00f4mico para 2014 n\u00e3o s\u00e3o animadoras. Segundo as expectativas mais otimistas o PIB crescer\u00e1 2%, por\u00e9m as apostas s\u00e3o de 1,5%. Diante dessas previs\u00f5es as empresas ajustam seus investimento (CAPEX) e despesas operacionais (OPEX) para esse cen\u00e1rio econ\u00f4mico. Com isso, de certa forma estamos criando o\u2026","rel":"","context":"Em &quot;Artigos&quot;","block_context":{"text":"Artigos","link":"https:\/\/efagundes.com\/artigos\/category\/artigos\/"},"img":{"alt_text":"","src":"","width":0,"height":0},"classes":[]}],"jetpack_sharing_enabled":true,"_links":{"self":[{"href":"https:\/\/efagundes.com\/artigos\/wp-json\/wp\/v2\/posts\/393","targetHints":{"allow":["GET"]}}],"collection":[{"href":"https:\/\/efagundes.com\/artigos\/wp-json\/wp\/v2\/posts"}],"about":[{"href":"https:\/\/efagundes.com\/artigos\/wp-json\/wp\/v2\/types\/post"}],"author":[{"embeddable":true,"href":"https:\/\/efagundes.com\/artigos\/wp-json\/wp\/v2\/users\/1"}],"replies":[{"embeddable":true,"href":"https:\/\/efagundes.com\/artigos\/wp-json\/wp\/v2\/comments?post=393"}],"version-history":[{"count":0,"href":"https:\/\/efagundes.com\/artigos\/wp-json\/wp\/v2\/posts\/393\/revisions"}],"wp:attachment":[{"href":"https:\/\/efagundes.com\/artigos\/wp-json\/wp\/v2\/media?parent=393"}],"wp:term":[{"taxonomy":"category","embeddable":true,"href":"https:\/\/efagundes.com\/artigos\/wp-json\/wp\/v2\/categories?post=393"},{"taxonomy":"post_tag","embeddable":true,"href":"https:\/\/efagundes.com\/artigos\/wp-json\/wp\/v2\/tags?post=393"}],"curies":[{"name":"wp","href":"https:\/\/api.w.org\/{rel}","templated":true}]}}