{"id":405,"date":"2014-07-26T22:03:05","date_gmt":"2014-07-27T01:03:05","guid":{"rendered":"http:\/\/efagundes.com\/itgov\/?p=405"},"modified":"2016-09-03T07:39:40","modified_gmt":"2016-09-03T10:39:40","slug":"uma-organizacao-para-gestao-da-infraestrutura-predial-de-data-centers","status":"publish","type":"post","link":"https:\/\/efagundes.com\/artigos\/uma-organizacao-para-gestao-da-infraestrutura-predial-de-data-centers\/","title":{"rendered":"Uma organiza\u00e7\u00e3o para gest\u00e3o da infraestrutura predial de data centers"},"content":{"rendered":"<p>A alta disponibilidade dos servi\u00e7os dos data centers exige uma organiza\u00e7\u00e3o dedicada ao controle da infraestrutura predial, forte automa\u00e7\u00e3o de processos e integra\u00e7\u00e3o com a monitora\u00e7\u00e3o do ambiente tecnol\u00f3gico (servidores, armazenamento e rede de comunica\u00e7\u00e3o). A gest\u00e3o inicia com os processos de comissionamento dos equipamentos e sistemas especialistas, segue com os aspectos gerenciais da opera\u00e7\u00e3o, a gest\u00e3o da comunica\u00e7\u00e3o e os aspectos de seguran\u00e7a, de sa\u00fade e ambientais.<\/p>\n<p>A defini\u00e7\u00e3o e simula\u00e7\u00e3o de processos devem assegurar a sequ\u00eancia correta das instru\u00e7\u00f5es de trabalho e a redu\u00e7\u00e3o das interven\u00e7\u00f5es humanas, que representa\u00e7\u00e3o cerca de 80% das falhas nos data centers.<\/p>\n<p>Outro processo cr\u00edtico \u00e9 a sele\u00e7\u00e3o e treinamento do pessoal t\u00e9cnico, que al\u00e9m da qualifica\u00e7\u00e3o devem ter extrema aten\u00e7\u00e3o para detalhes e usar t\u00e9cnicas para detec\u00e7\u00e3o e solu\u00e7\u00e3o de problemas, dentro de um programa de melhoria cont\u00ednua.<\/p>\n<p>Na gest\u00e3o da infraestrutura deve existir processos para o controle e proje\u00e7\u00e3o de custos e investimentos para a amplia\u00e7\u00e3o e renova\u00e7\u00e3o tecnol\u00f3gica do parque instala\u00e7\u00e3o.<\/p>\n<p>Os processos devem atender as normas da legisla\u00e7\u00e3o e as metas volunt\u00e1rias definidas pela organiza\u00e7\u00e3o, como a redu\u00e7\u00e3o da emiss\u00e3o de gases de efeito estufa.<\/p>\n","protected":false},"excerpt":{"rendered":"<p>A alta disponibilidade dos servi\u00e7os dos data centers exige uma organiza\u00e7\u00e3o dedicada ao controle da infraestrutura predial, forte automa\u00e7\u00e3o de processos e integra\u00e7\u00e3o com a monitora\u00e7\u00e3o do ambiente tecnol\u00f3gico (servidores, armazenamento e rede de comunica\u00e7\u00e3o). A gest\u00e3o inicia com os processos de comissionamento dos equipamentos e sistemas especialistas, segue com os aspectos gerenciais da opera\u00e7\u00e3o, [&hellip;]<\/p>\n","protected":false},"author":1,"featured_media":0,"comment_status":"open","ping_status":"closed","sticky":false,"template":"","format":"standard","meta":{"jetpack_post_was_ever_published":false,"_jetpack_newsletter_access":"","_jetpack_dont_email_post_to_subs":false,"_jetpack_newsletter_tier_id":0,"_jetpack_memberships_contains_paywalled_content":false,"_jetpack_memberships_contains_paid_content":false,"footnotes":""},"categories":[352,3,5],"tags":[67,84,135],"class_list":["post-405","post","type-post","status-publish","format-standard","hentry","category-artigos","category-blog","category-data-center","tag-comissionamento","tag-data-center","tag-gestao-da-infraestrutura-predial"],"jetpack_featured_media_url":"","jetpack_shortlink":"https:\/\/wp.me\/p8yInB-6x","jetpack-related-posts":[{"id":403,"url":"https:\/\/efagundes.com\/artigos\/dcim-data-center-infrastructure-management\/","url_meta":{"origin":405,"position":0},"title":"DCIM \u2013 Data Center Infrastructure Management","author":"Eduardo Fagundes","date":"25 de julho de 2014","format":false,"excerpt":"Os data centers modernos de alta disponibilidade enfrentam o desafio da desconex\u00e3o entre a infraestrutura predial e a infraestrutura de TI. Estes desafios se tornam mais cr\u00edticos com a virtualiza\u00e7\u00e3o de servidores e armazenamento de dados que cria um ambiente din\u00e2mico dentro de um ambiente est\u00e1tico, onde as r\u00e1pidas mudan\u00e7as\u2026","rel":"","context":"Em &quot;Artigos&quot;","block_context":{"text":"Artigos","link":"https:\/\/efagundes.com\/artigos\/category\/artigos\/"},"img":{"alt_text":"","src":"","width":0,"height":0},"classes":[]},{"id":555,"url":"https:\/\/efagundes.com\/artigos\/novas-tecnologias-e-praticas-para-a-seguranca-da-informacao\/","url_meta":{"origin":405,"position":1},"title":"Novas Tecnologias e Pr\u00e1ticas para a Seguran\u00e7a da Informa\u00e7\u00e3o","author":"Eduardo Fagundes","date":"15 de novembro de 2014","format":false,"excerpt":"A abrang\u00eancia da seguran\u00e7a da informa\u00e7\u00e3o vai muita al\u00e9m da detec\u00e7\u00e3o e elimina\u00e7\u00e3o de v\u00edrus, controle de acessos indevidos, assinaturas digitais, criptografia e classifica\u00e7\u00e3o das informa\u00e7\u00f5es. Os principais ativos organizacionais definidos pelo modelo de governan\u00e7a corporativa, tem a informa\u00e7\u00e3o como seu principal fundamento. A prosperidade das organiza\u00e7\u00f5es tem rela\u00e7\u00e3o direta\u2026","rel":"","context":"Em &quot;Artigos&quot;","block_context":{"text":"Artigos","link":"https:\/\/efagundes.com\/artigos\/category\/artigos\/"},"img":{"alt_text":"","src":"","width":0,"height":0},"classes":[]},{"id":550,"url":"https:\/\/efagundes.com\/artigos\/negocios-lucrativos-de-ti-para-reduzir-as-emissoes-de-co2\/","url_meta":{"origin":405,"position":2},"title":"Neg\u00f3cios lucrativos de TI para reduzir as emiss\u00f5es de CO2","author":"Eduardo Fagundes","date":"13 de novembro de 2014","format":false,"excerpt":"A expectativa \u00e9 de redu\u00e7\u00e3o das emiss\u00f5es de TI (dispositivos de usu\u00e1rios, telecomunica\u00e7\u00f5es e data centers) entre 2011 e 2020 em 2,3%, comparado com o aumento de 6,1% entre 2002 e 2011. Os principais motivos s\u00e3o a maior efici\u00eancia energ\u00e9tica dos equipamentos e a substitui\u00e7\u00e3o dos PCs por tablets. Em\u2026","rel":"","context":"Em &quot;Artigos&quot;","block_context":{"text":"Artigos","link":"https:\/\/efagundes.com\/artigos\/category\/artigos\/"},"img":{"alt_text":"","src":"","width":0,"height":0},"classes":[]},{"id":540,"url":"https:\/\/efagundes.com\/artigos\/estrutura-organizacional-e-estrategia-de-ti-para-digital-business\/","url_meta":{"origin":405,"position":3},"title":"Estrutura organizacional e Estrat\u00e9gia de TI para Digital Business","author":"Eduardo Fagundes","date":"10 de novembro de 2014","format":false,"excerpt":"As tradicionais estruturas organizacionais de TI s\u00e3o obsoletas para as estrat\u00e9gias de digital business das empresas. As novas organiza\u00e7\u00f5es de TI devem ser escal\u00e1veis, atender ao time-to-market, ter custos por demanda, atender aos requisitos legais, ter alta disponibilidade de servi\u00e7os e promover a inova\u00e7\u00e3o e a melhoria cont\u00ednua dos processos\u2026","rel":"","context":"Em &quot;Artigos&quot;","block_context":{"text":"Artigos","link":"https:\/\/efagundes.com\/artigos\/category\/artigos\/"},"img":{"alt_text":"figura-organograma-ti-v71","src":"https:\/\/i0.wp.com\/efagundes.com\/artigos\/wp-content\/uploads\/sites\/2\/2014\/11\/figura-organograma-ti-v71.png?resize=350%2C200","width":350,"height":200},"classes":[]},{"id":492,"url":"https:\/\/efagundes.com\/artigos\/cloud-computing-e-a-eficiencia-energetica-das-empresas\/","url_meta":{"origin":405,"position":4},"title":"Cloud Computing e a Efici\u00eancia Energ\u00e9tica das empresas","author":"Eduardo Fagundes","date":"23 de outubro de 2014","format":false,"excerpt":"Os data centers s\u00e3o um dos maiores ofensores no consumo de energia das empresas, chegando a representar 40% das despesas da infraestrutura. Tamb\u00e9m, s\u00e3o respons\u00e1veis por uma grande quantidade de emiss\u00e3o de gases do efeito estufa, direta e indiretamente. Uma solu\u00e7\u00e3o para reduzir os custos de energia e mitigar as\u2026","rel":"","context":"Em &quot;Artigos&quot;","block_context":{"text":"Artigos","link":"https:\/\/efagundes.com\/artigos\/category\/artigos\/"},"img":{"alt_text":"","src":"","width":0,"height":0},"classes":[]},{"id":617,"url":"https:\/\/efagundes.com\/artigos\/data-centers-modulares\/","url_meta":{"origin":405,"position":5},"title":"Data Centers Modulares","author":"Eduardo Fagundes","date":"17 de dezembro de 2014","format":false,"excerpt":"Um dos desafios dos CIOs \u00e9 alinhar a capacidade de processamento com as necessidades de neg\u00f3cios. No passado, o planejamento de capacidade dos data centers era definido pelo hist\u00f3rico de crescimento e pelos novos sistemas planejados. Atualmente, a din\u00e2mica dos neg\u00f3cios exige novas estrat\u00e9gias para assegurar os recursos e disponibilidade\u2026","rel":"","context":"Em &quot;Artigos&quot;","block_context":{"text":"Artigos","link":"https:\/\/efagundes.com\/artigos\/category\/artigos\/"},"img":{"alt_text":"","src":"","width":0,"height":0},"classes":[]}],"jetpack_sharing_enabled":true,"_links":{"self":[{"href":"https:\/\/efagundes.com\/artigos\/wp-json\/wp\/v2\/posts\/405","targetHints":{"allow":["GET"]}}],"collection":[{"href":"https:\/\/efagundes.com\/artigos\/wp-json\/wp\/v2\/posts"}],"about":[{"href":"https:\/\/efagundes.com\/artigos\/wp-json\/wp\/v2\/types\/post"}],"author":[{"embeddable":true,"href":"https:\/\/efagundes.com\/artigos\/wp-json\/wp\/v2\/users\/1"}],"replies":[{"embeddable":true,"href":"https:\/\/efagundes.com\/artigos\/wp-json\/wp\/v2\/comments?post=405"}],"version-history":[{"count":0,"href":"https:\/\/efagundes.com\/artigos\/wp-json\/wp\/v2\/posts\/405\/revisions"}],"wp:attachment":[{"href":"https:\/\/efagundes.com\/artigos\/wp-json\/wp\/v2\/media?parent=405"}],"wp:term":[{"taxonomy":"category","embeddable":true,"href":"https:\/\/efagundes.com\/artigos\/wp-json\/wp\/v2\/categories?post=405"},{"taxonomy":"post_tag","embeddable":true,"href":"https:\/\/efagundes.com\/artigos\/wp-json\/wp\/v2\/tags?post=405"}],"curies":[{"name":"wp","href":"https:\/\/api.w.org\/{rel}","templated":true}]}}