{"id":558,"date":"2014-11-17T09:10:50","date_gmt":"2014-11-17T11:10:50","guid":{"rendered":"http:\/\/efagundes.com\/itgov\/?p=558"},"modified":"2016-09-03T07:37:57","modified_gmt":"2016-09-03T10:37:57","slug":"planos-de-continuidade-de-negocios-no-cenario-de-cloud-computing","status":"publish","type":"post","link":"https:\/\/efagundes.com\/artigos\/planos-de-continuidade-de-negocios-no-cenario-de-cloud-computing\/","title":{"rendered":"Planos de Continuidade de Neg\u00f3cios no cen\u00e1rio de Cloud Computing"},"content":{"rendered":"<p>O ambiente tecnol\u00f3gico atual facilita a constru\u00e7\u00e3o de planos de continuidade de neg\u00f3cios, incluindo planos de recupera\u00e7\u00e3o de desastres (DRP) dos data centers. Aplica\u00e7\u00f5es executando em ambientes Cloud Computing em mais de um data center permite uma r\u00e1pida mudan\u00e7a de ambiente em caso de falha. A configura\u00e7\u00e3o de data centers por software permite criar ambientes completos em poucas horas. Existem softwares que configuram ambientes de data centers de fornecedores diferentes, automaticamente. A virtualiza\u00e7\u00e3o de PCs permite a constru\u00e7\u00e3o de ambientes de escrit\u00f3rios externo com maior rapidez, pois n\u00e3o \u00e9 necess\u00e1rio configurar os equipamentos para o ambiente de software corporativo da empresa. O uso de sistemas de voz baseados IP (VoIP) em Cloud Computing permite levar os n\u00fameros telef\u00f4nicos para qualquer lugar. Nesse cen\u00e1rio, o maior desafio \u00e9 o armazenamento de dados que deve estar dispon\u00edvel em diferentes ambientes, totalmente sincronizado.<\/p>\n<p>Um cen\u00e1rio bem diferente de quando iniciei minha carreira no suporte de infraestrutura de TI. Naquela \u00e9poca, os servidores e os sistemas de armazenamento de dados ficavam no data center da empresa e o acesso era restrito na rede corporativa. Tempos depois, com conex\u00f5es seguras via Internet foi poss\u00edvel o trabalho remoto em locais com banda larga.<\/p>\n<p>Recordo que devido a uma longa greve no setor automobil\u00edstico tivemos que trabalhar mais de um m\u00eas fora da f\u00e1brica. Por sorte, um acordo com os grevistas foi permitido que os operadores de computadores trabalhassem. Mesmo assim, o desafio foi grande em operar a empresa toda fora da f\u00e1brica. Fun\u00e7\u00f5es que acredit\u00e1vamos que n\u00e3o eram priorit\u00e1rias para a empresa tornaram-se cr\u00edticas com o passar do tempo, pois geravam informa\u00e7\u00f5es para outros departamentos. Depois de um m\u00eas todos os departamentos tiveram que trabalhar para garantir a opera\u00e7\u00e3o da empresa.<\/p>\n<p>Em outra ocasi\u00e3o, tivemos que acionar o plano de recupera\u00e7\u00e3o de desastre (DRP) devido a um inc\u00eandio pr\u00f3ximo do data center. Como naquela \u00e9poca era invi\u00e1vel manter data centers espelhos, migramos apenas os sistemas considerados cr\u00edticos para a empresa, como o faturamento e vendas. O grande desafio depois de liberado o data center principal foi sincronizar os dados com os outros sistemas que n\u00e3o executaram durante o per\u00edodo de conting\u00eancia.<\/p>\n<p>Felizmente, isso \u00e9 coisa do passado para a maioria das empresas. Com as caracter\u00edsticas de escalabilidade e cria\u00e7\u00e3o de data centers via software \u00e9 poss\u00edvel voltar a operar em poucas horas, desde que os dados estejam dispon\u00edveis e assumindo que o acesso \u00e0 Internet tamb\u00e9m esteja dispon\u00edvel.<\/p>\n<p>Dentro desse cen\u00e1rio, o desafio \u00e9 estabelecer uma estrat\u00e9gia eficiente de armazenamento e prote\u00e7\u00e3o dos dados, incluindo os c\u00f3digos fontes dos sistemas.<\/p>\n<p>Em 2007, usando uma fibra \u00f3tica escura faz\u00edamos o espelhamento dos dados do SAP entre o data center principal em Ashburn-Virginia (US) e o data center em Camdem em Londres. Uma solu\u00e7\u00e3o vi\u00e1vel devido a necessidade de ter um data center para atender as opera\u00e7\u00f5es da empresa nos Estados Unidos e outro na Europa. Para cumprir as exig\u00eancias da SOX, periodicamente, eram realizados testes de conformidade com o plano de recupera\u00e7\u00e3o de desastre.<\/p>\n<p>No Brasil, com a disponibilidade de v\u00e1rios fornecedores de Cloud Computing e de servi\u00e7os de fibra \u00f3tica \u00e9 poss\u00edvel elaborar um plano de continuidade de neg\u00f3cios com mais facilidade e custo compat\u00edvel com os riscos operacionais das empresas, incluindo os servi\u00e7os de voz, caso a empresa utilize servi\u00e7os de VoIP com comuta\u00e7\u00e3o virtual.<\/p>\n","protected":false},"excerpt":{"rendered":"<p>O ambiente tecnol\u00f3gico atual facilita a constru\u00e7\u00e3o de planos de continuidade de neg\u00f3cios, incluindo planos de recupera\u00e7\u00e3o de desastres (DRP) dos data centers. Aplica\u00e7\u00f5es executando em ambientes Cloud Computing em mais de um data center permite uma r\u00e1pida mudan\u00e7a de ambiente em caso de falha. A configura\u00e7\u00e3o de data centers por software permite criar ambientes [&hellip;]<\/p>\n","protected":false},"author":1,"featured_media":0,"comment_status":"open","ping_status":"closed","sticky":false,"template":"","format":"standard","meta":{"jetpack_post_was_ever_published":false,"_jetpack_newsletter_access":"","_jetpack_dont_email_post_to_subs":false,"_jetpack_newsletter_tier_id":0,"_jetpack_memberships_contains_paywalled_content":false,"_jetpack_memberships_contains_paid_content":false,"footnotes":""},"categories":[352,3,5,11],"tags":[104,235,237,239],"class_list":["post-558","post","type-post","status-publish","format-standard","hentry","category-artigos","category-blog","category-data-center","category-seguranca","tag-drp","tag-plano-de-contingencia","tag-plano-de-continuidade-de-negocios","tag-plano-de-recuperacao-de-desastre"],"jetpack_featured_media_url":"","jetpack_shortlink":"https:\/\/wp.me\/p8yInB-90","jetpack-related-posts":[{"id":1244,"url":"https:\/\/efagundes.com\/artigos\/apagao-eletrico-e-planos-de-continuidade-de-negocios\/","url_meta":{"origin":558,"position":0},"title":"Apag\u00e3o el\u00e9trico e Planos de Continuidade de Neg\u00f3cios","author":"Eduardo Fagundes","date":"21 de janeiro de 2015","format":false,"excerpt":"O apag\u00e3o controlado de energia do dia 19 de janeiro de 2015 emitiu um sinal de alerta sobre\u00a0a amea\u00e7a crescente de racionamento de \u00e1gua e energia. Apesar das informa\u00e7\u00f5es desencontradas entre o Ministro das Minas e Energia, Eduardo Braga, e do Diretor Geral do ONS, Hermes Chipp, sobre as causas\u2026","rel":"","context":"Em &quot;Artigos&quot;","block_context":{"text":"Artigos","link":"https:\/\/efagundes.com\/artigos\/category\/artigos\/"},"img":{"alt_text":"","src":"","width":0,"height":0},"classes":[]},{"id":18,"url":"https:\/\/efagundes.com\/artigos\/gerenciamento-de-mudancas\/","url_meta":{"origin":558,"position":1},"title":"Gerenciamento de Mudan\u00e7as","author":"Eduardo Fagundes","date":"22 de dezembro de 2011","format":false,"excerpt":"O processo de gerenciamento de mudan\u00e7as deve assegurar que todas as altera\u00e7\u00f5es planejadas na configura\u00e7\u00e3o do ambiente sejam realizadas conforme o plano e com suas devidas autoriza\u00e7\u00f5es. O objetivo maior \u00e9 garantir a continuidade dos processos de neg\u00f3cios sem nenhum impacto por problemas relacionados a TI e telecomunica\u00e7\u00f5es. A complexidade\u2026","rel":"","context":"Em &quot;Artigos&quot;","block_context":{"text":"Artigos","link":"https:\/\/efagundes.com\/artigos\/category\/artigos\/"},"img":{"alt_text":"","src":"","width":0,"height":0},"classes":[]},{"id":555,"url":"https:\/\/efagundes.com\/artigos\/novas-tecnologias-e-praticas-para-a-seguranca-da-informacao\/","url_meta":{"origin":558,"position":2},"title":"Novas Tecnologias e Pr\u00e1ticas para a Seguran\u00e7a da Informa\u00e7\u00e3o","author":"Eduardo Fagundes","date":"15 de novembro de 2014","format":false,"excerpt":"A abrang\u00eancia da seguran\u00e7a da informa\u00e7\u00e3o vai muita al\u00e9m da detec\u00e7\u00e3o e elimina\u00e7\u00e3o de v\u00edrus, controle de acessos indevidos, assinaturas digitais, criptografia e classifica\u00e7\u00e3o das informa\u00e7\u00f5es. Os principais ativos organizacionais definidos pelo modelo de governan\u00e7a corporativa, tem a informa\u00e7\u00e3o como seu principal fundamento. A prosperidade das organiza\u00e7\u00f5es tem rela\u00e7\u00e3o direta\u2026","rel":"","context":"Em &quot;Artigos&quot;","block_context":{"text":"Artigos","link":"https:\/\/efagundes.com\/artigos\/category\/artigos\/"},"img":{"alt_text":"","src":"","width":0,"height":0},"classes":[]},{"id":1985,"url":"https:\/\/efagundes.com\/artigos\/quem-e-o-maior-no-mercado-de-cloud-computing\/","url_meta":{"origin":558,"position":3},"title":"Quem \u00e9 o maior no mercado de Cloud Computing?","author":"Eduardo Fagundes","date":"25 de abril de 2015","format":false,"excerpt":"O anuncio dos resultados do primeiro trimestre de 2015 das empresas que oferecem servi\u00e7os de Cloud Computing gerou uma discuss\u00e3o de quem \u00e9 a maior nesse segmento. A Amazon Web Services (AWS) reportou vendas de US$1,566 bilh\u00e3o versus US$1 bilh\u00e3o do mesmo trimestre em 2014, com um lucro operacional de\u2026","rel":"","context":"Em &quot;Artigos&quot;","block_context":{"text":"Artigos","link":"https:\/\/efagundes.com\/artigos\/category\/artigos\/"},"img":{"alt_text":"","src":"","width":0,"height":0},"classes":[]},{"id":393,"url":"https:\/\/efagundes.com\/artigos\/a-inovacao-em-uma-ti-hibrida\/","url_meta":{"origin":558,"position":4},"title":"A inova\u00e7\u00e3o em uma TI hibrida","author":"Eduardo Fagundes","date":"25 de junho de 2014","format":false,"excerpt":"Os grandes provedores de tecnologia est\u00e3o migrando seus softwares para Cloud Computing. A Microsoft, SAP, IBM, Adobe e outras j\u00e1 ofertam suas solu\u00e7\u00f5es na nuvem. A SAP anunciou uma nova estrutura organizacional orientada a Cloud Computing. Essa movimenta\u00e7\u00e3o dos fornecedores para a nuvem obrigar\u00e1, mais cedo ou mais tarde, as\u2026","rel":"","context":"Em &quot;Artigos&quot;","block_context":{"text":"Artigos","link":"https:\/\/efagundes.com\/artigos\/category\/artigos\/"},"img":{"alt_text":"inovacao na ti hibrida","src":"https:\/\/i0.wp.com\/efagundes.com\/itgov\/wp-content\/uploads\/inovacao-na-ti-hibrida.jpg?resize=350%2C200","width":350,"height":200},"classes":[]},{"id":1252,"url":"https:\/\/efagundes.com\/artigos\/a-digitalizacao-da-operacao\/","url_meta":{"origin":558,"position":5},"title":"A Digitaliza\u00e7\u00e3o da Opera\u00e7\u00e3o","author":"Eduardo Fagundes","date":"22 de janeiro de 2015","format":false,"excerpt":"A introdu\u00e7\u00e3o das tecnologias na ind\u00fastria \u00e9 feita em ondas. A Internet tem gerado v\u00e1rias ondas, come\u00e7ou com B2C (Business-to-Consumer), B2B (Business-to-Bussiness) e eGov (Governo Eletr\u00f4nico). Avan\u00e7ou para dispositivos m\u00f3veis (smartphones, tablets, console de games), ou seja, a Internet est\u00e1 em todos os lugares \u2013 Internet Everywhere. Agora chegou a\u2026","rel":"","context":"Em &quot;Artigos&quot;","block_context":{"text":"Artigos","link":"https:\/\/efagundes.com\/artigos\/category\/artigos\/"},"img":{"alt_text":"","src":"","width":0,"height":0},"classes":[]}],"jetpack_sharing_enabled":true,"_links":{"self":[{"href":"https:\/\/efagundes.com\/artigos\/wp-json\/wp\/v2\/posts\/558","targetHints":{"allow":["GET"]}}],"collection":[{"href":"https:\/\/efagundes.com\/artigos\/wp-json\/wp\/v2\/posts"}],"about":[{"href":"https:\/\/efagundes.com\/artigos\/wp-json\/wp\/v2\/types\/post"}],"author":[{"embeddable":true,"href":"https:\/\/efagundes.com\/artigos\/wp-json\/wp\/v2\/users\/1"}],"replies":[{"embeddable":true,"href":"https:\/\/efagundes.com\/artigos\/wp-json\/wp\/v2\/comments?post=558"}],"version-history":[{"count":0,"href":"https:\/\/efagundes.com\/artigos\/wp-json\/wp\/v2\/posts\/558\/revisions"}],"wp:attachment":[{"href":"https:\/\/efagundes.com\/artigos\/wp-json\/wp\/v2\/media?parent=558"}],"wp:term":[{"taxonomy":"category","embeddable":true,"href":"https:\/\/efagundes.com\/artigos\/wp-json\/wp\/v2\/categories?post=558"},{"taxonomy":"post_tag","embeddable":true,"href":"https:\/\/efagundes.com\/artigos\/wp-json\/wp\/v2\/tags?post=558"}],"curies":[{"name":"wp","href":"https:\/\/api.w.org\/{rel}","templated":true}]}}