{"id":565,"date":"2014-11-22T16:50:53","date_gmt":"2014-11-22T18:50:53","guid":{"rendered":"http:\/\/efagundes.com\/itgov\/?p=565"},"modified":"2016-09-03T07:37:48","modified_gmt":"2016-09-03T10:37:48","slug":"uso-indevido-de-informacoes-e-seu-impacto-nos-negocios","status":"publish","type":"post","link":"https:\/\/efagundes.com\/artigos\/uso-indevido-de-informacoes-e-seu-impacto-nos-negocios\/","title":{"rendered":"Uso indevido de informa\u00e7\u00f5es e seu impacto nos neg\u00f3cios"},"content":{"rendered":"<p>Como sabemos a informa\u00e7\u00e3o \u00e9 um elemento chave nas organiza\u00e7\u00f5es. Utilizar informa\u00e7\u00f5es privilegiadas no mercado financeiro para uso pr\u00f3prio \u00e9 crime. Nas empresas, o dilema \u00e9 encontrar o equil\u00edbrio entre a escassez e abund\u00e2ncia das informa\u00e7\u00f5es. Escassez entende-se por restringir o\u00a0compartilhamento das informa\u00e7\u00f5es, oposto da abund\u00e2ncia. Se restringirmos, nos protegemos de amea\u00e7as da concorr\u00eancia, entretanto, tiramos a vantagem competitiva de colabora\u00e7\u00e3o de funcion\u00e1rios, fornecedores e clientes de ajudar na realiza\u00e7\u00e3o dos planos da empresa. Parece existir um consenso entre os profissionais mais experientes que a abordagem correta \u00e9 o \u201cneed-to-know\u201d (compartilhar apenas o necess\u00e1rio). Por outro lado, no mundo da gera\u00e7\u00e3o Y e Z, parece que a abordagem \u201cneed-to-share\u201d (compartilhar tudo) \u00e9 a que predomina. A quest\u00e3o parece ser trivial, entretanto, se analisada com mais profundidade tem um impacto significativo nas organiza\u00e7\u00f5es, hoje e no futuro.<\/p>\n<p>Imagine a situa\u00e7\u00e3o em que\u00a0voc\u00ea est\u00e1 trabalhando em uma empresa e tem acesso, mesmo que acidentalmente, a informa\u00e7\u00e3o que sua empresa far\u00e1 a aquisi\u00e7\u00e3o de uma empresa, que como a sua est\u00e1 listada na bolsa de valores. Voc\u00ea com essa informa\u00e7\u00e3o compra a\u00e7\u00f5es da sua e da outra empresa sabendo que elas valorizar\u00e3o ap\u00f3s concretizada a aquisi\u00e7\u00e3o. Isso poder\u00e1 ser considerado crime. Mas, afinal de quem \u00e9 a culpa? Sua ou da sua empresa que n\u00e3o soube classificar e proteger essa informa\u00e7\u00e3o?<\/p>\n<p>Ficou em d\u00favida? A culpa \u00e9 sua, pois voc\u00ea como funcion\u00e1rio da empresa deve seguir as regras da Comiss\u00e3o de Valores Mobili\u00e1rios (CVM). Voc\u00ea pode argumentar que o documento que teve acesso ou a conversa teve sobre o assunto n\u00e3o foi classificada como \u201cconfidencial\u201d, por\u00e9m nesses casos isso \u00e9 impl\u00edcito.<\/p>\n<p>Imagine uma outra situa\u00e7\u00e3o. Voc\u00ea \u00e9 representante de vendas e tem acesso a todo o cadastro de clientes da sua empresa. Voc\u00ea resolve se desligar da empresa e antes de anunciar sua sa\u00edda faz um download do cadastro de clientes para utilizar na outra empresa. Isso pode ser classificado como roubo de ativo. Se a outra empresa souber que voc\u00ea est\u00e1 utilizando o cadastro e for conivente, tamb\u00e9m pode ser envolvida no processo criminal.<\/p>\n<p>Vamos analisar um outro caso. Voc\u00ea \u00e9 um especialista em TI de suporte a pr\u00e9-vendas e fan\u00e1tico por redes sociais. Voc\u00ea tem o h\u00e1bito de fazer selfies e curtir os locais que visita, incluindo os potenciais clientes. Se existir um concorrente seguindo voc\u00ea nas redes sociais, ele conhecer\u00e1 todos os clientes que voc\u00ea est\u00e1 trabalhando e poder\u00e1 criar estrat\u00e9gias para neutralizar seu trabalho e ganhar os projetos.<\/p>\n<p>Como proteger a empresa dos riscos de vazamento de informa\u00e7\u00f5es?<\/p>\n<ul>\n<li>Estabele\u00e7a crit\u00e9rios de classifica\u00e7\u00e3o da informa\u00e7\u00e3o;<\/li>\n<li>Fa\u00e7a treinamentos e discuss\u00f5es constantes sobre situa\u00e7\u00f5es que podem colocar a empresa em risco;<\/li>\n<li>Crie ambientes segregados por onde circulam as informa\u00e7\u00f5es. Por exemplo, evitar que os representantes de vendas tenham acesso a todo o cadastro de clientes;<\/li>\n<li>Adote a toler\u00e2ncia zero para quem violar as regras de conduta da empresa, independente do cargo, demonstrando que a empresa considera essas falhas intoler\u00e1veis.<\/li>\n<\/ul>\n<p>Entretanto, nenhum processo de classifica\u00e7\u00e3o e prote\u00e7\u00e3o de dados resiste a vingan\u00e7a de funcion\u00e1rios. Tome as devidas precau\u00e7\u00f5es para blindar sua empresa de potenciais conflitos com empregados, principalmente aqueles que tem acesso a informa\u00e7\u00f5es que se divulgadas inapropriadamente possam prejudicar sua empresa.<\/p>\n","protected":false},"excerpt":{"rendered":"<p>Como sabemos a informa\u00e7\u00e3o \u00e9 um elemento chave nas organiza\u00e7\u00f5es. Utilizar informa\u00e7\u00f5es privilegiadas no mercado financeiro para uso pr\u00f3prio \u00e9 crime. Nas empresas, o dilema \u00e9 encontrar o equil\u00edbrio entre a escassez e abund\u00e2ncia das informa\u00e7\u00f5es. Escassez entende-se por restringir o\u00a0compartilhamento das informa\u00e7\u00f5es, oposto da abund\u00e2ncia. Se restringirmos, nos protegemos de amea\u00e7as da concorr\u00eancia, entretanto, [&hellip;]<\/p>\n","protected":false},"author":1,"featured_media":0,"comment_status":"open","ping_status":"closed","sticky":false,"template":"","format":"standard","meta":{"jetpack_post_was_ever_published":false,"_jetpack_newsletter_access":"","_jetpack_dont_email_post_to_subs":false,"_jetpack_newsletter_tier_id":0,"_jetpack_memberships_contains_paywalled_content":false,"_jetpack_memberships_contains_paid_content":false,"footnotes":""},"categories":[352,3,11],"tags":[60,260],"class_list":["post-565","post","type-post","status-publish","format-standard","hentry","category-artigos","category-blog","category-seguranca","tag-classificacao-da-informacao","tag-seguranca-da-informacao"],"jetpack_featured_media_url":"","jetpack_shortlink":"https:\/\/wp.me\/p8yInB-97","jetpack-related-posts":[{"id":555,"url":"https:\/\/efagundes.com\/artigos\/novas-tecnologias-e-praticas-para-a-seguranca-da-informacao\/","url_meta":{"origin":565,"position":0},"title":"Novas Tecnologias e Pr\u00e1ticas para a Seguran\u00e7a da Informa\u00e7\u00e3o","author":"Eduardo Fagundes","date":"15 de novembro de 2014","format":false,"excerpt":"A abrang\u00eancia da seguran\u00e7a da informa\u00e7\u00e3o vai muita al\u00e9m da detec\u00e7\u00e3o e elimina\u00e7\u00e3o de v\u00edrus, controle de acessos indevidos, assinaturas digitais, criptografia e classifica\u00e7\u00e3o das informa\u00e7\u00f5es. Os principais ativos organizacionais definidos pelo modelo de governan\u00e7a corporativa, tem a informa\u00e7\u00e3o como seu principal fundamento. A prosperidade das organiza\u00e7\u00f5es tem rela\u00e7\u00e3o direta\u2026","rel":"","context":"Em &quot;Artigos&quot;","block_context":{"text":"Artigos","link":"https:\/\/efagundes.com\/artigos\/category\/artigos\/"},"img":{"alt_text":"","src":"","width":0,"height":0},"classes":[]},{"id":2035,"url":"https:\/\/efagundes.com\/artigos\/o-desafio-das-empresas-cidades-e-campo-nas-proximas-decadas\/","url_meta":{"origin":565,"position":1},"title":"O desafio das empresas, cidades e campo nas pr\u00f3ximas d\u00e9cadas","author":"Eduardo Fagundes","date":"18 de julho de 2015","format":false,"excerpt":"Em 2008, atingimos a marca hist\u00f3rica de igualar o n\u00famero de habitantes nas cidades e no campo, mundialmente. Em 2050, estima-se que 7 entre 10 habitantes estar\u00e3o nas cidades, ou seja, \u00e9 esperado um crescimento de 3,6 bilh\u00f5es de pessoas atualmente que vivem nas cidades para mais de 6 bilh\u00f5es\u2026","rel":"","context":"Em &quot;Artigos&quot;","block_context":{"text":"Artigos","link":"https:\/\/efagundes.com\/artigos\/category\/artigos\/"},"img":{"alt_text":"","src":"","width":0,"height":0},"classes":[]},{"id":2267,"url":"https:\/\/efagundes.com\/artigos\/um-supply-chain-transparente-e-etico-usando-tecnologia-blockchain\/","url_meta":{"origin":565,"position":2},"title":"Um Supply Chain transparente e \u00e9tico usando tecnologia blockchain","author":"Eduardo Fagundes","date":"8 de setembro de 2016","format":false,"excerpt":"Hoje a transpar\u00eancia e a \u00e9tica nas rela\u00e7\u00f5es entre governos, pessoas e empresas s\u00e3o fundamentais para o desenvolvimento sustent\u00e1vel. Os objetivos de desenvolvimento sustent\u00e1veis (ODS) das Na\u00e7\u00f5es Unidas nos desafiam a buscar solu\u00e7\u00f5es para melhorar a qualidade de vida das pessoas e a\u00e7\u00f5es efetivas para reduzir os impactos das mudan\u00e7as\u2026","rel":"","context":"Em &quot;Artigos&quot;","block_context":{"text":"Artigos","link":"https:\/\/efagundes.com\/artigos\/category\/artigos\/"},"img":{"alt_text":"","src":"","width":0,"height":0},"classes":[]},{"id":2022,"url":"https:\/\/efagundes.com\/artigos\/a-crise-e-a-ti-como-reduzir-40-50-das-despesas-de-ti\/","url_meta":{"origin":565,"position":3},"title":"A crise e a TI. Como reduzir 40-50% das despesas de TI?","author":"Eduardo Fagundes","date":"31 de maio de 2015","format":false,"excerpt":"Especialistas afirmam que nossa economia demorar\u00e1 a se recuperar e teremos baixo crescimento nos pr\u00f3ximos anos. Os subs\u00eddios do governo secaram. As taxas de juros est\u00e3o nas alturas e a economia dos gastos p\u00fablicos est\u00e1 sendo transferida para quem tem t\u00edtulos da d\u00edvida p\u00fablica. O desemprego aumentar\u00e1 e a renda\u2026","rel":"","context":"Em &quot;Artigos&quot;","block_context":{"text":"Artigos","link":"https:\/\/efagundes.com\/artigos\/category\/artigos\/"},"img":{"alt_text":"","src":"","width":0,"height":0},"classes":[]},{"id":1255,"url":"https:\/\/efagundes.com\/artigos\/iot-big-data-e-agricultura-de-precisao\/","url_meta":{"origin":565,"position":4},"title":"IoT, Big Data e Agricultura de Precis\u00e3o","author":"Eduardo Fagundes","date":"23 de janeiro de 2015","format":false,"excerpt":"A forte\u00a0estiagem que atinge as regi\u00f5es Sudeste e Centro-Sul era\u00a0prevista para daqui a 15 ou 20 anos. Com a acelera\u00e7\u00e3o do desmatamento da Amaz\u00f4nia, a falta de umidade e a fuma\u00e7a das queimadas impede a forma\u00e7\u00e3o de nuvens e chuvas nessas regi\u00f5es. A Amaz\u00f4nia e a Mata Atl\u00e2ntica s\u00e3o respons\u00e1veis\u2026","rel":"","context":"Em &quot;Artigos&quot;","block_context":{"text":"Artigos","link":"https:\/\/efagundes.com\/artigos\/category\/artigos\/"},"img":{"alt_text":"","src":"","width":0,"height":0},"classes":[]},{"id":314,"url":"https:\/\/efagundes.com\/artigos\/adeus-departamento-de-ti-benvinda-area-de-negocios-digitais\/","url_meta":{"origin":565,"position":5},"title":"Adeus Departamento de TI. Benvinda \u00c1rea de Neg\u00f3cios Digitais","author":"Eduardo Fagundes","date":"3 de mar\u00e7o de 2014","format":false,"excerpt":"Em 2014 a IBM comemora 50 anos do lan\u00e7amento dos seus mainframes. Tivemos v\u00e1rias evolu\u00e7\u00f5es tecnol\u00f3gicas ao longo desses anos. A miniaturiza\u00e7\u00e3o dos equipamentos, computa\u00e7\u00e3o de alto desempenho distribu\u00edda e a Internet sem d\u00favida foram as maiores revolu\u00e7\u00f5es tecnol\u00f3gicas na \u00e1rea de processamento e comunica\u00e7\u00e3o. Os servi\u00e7os de informa\u00e7\u00f5es, com\u00e9rcio\u2026","rel":"","context":"Em &quot;Artigos&quot;","block_context":{"text":"Artigos","link":"https:\/\/efagundes.com\/artigos\/category\/artigos\/"},"img":{"alt_text":"","src":"","width":0,"height":0},"classes":[]}],"jetpack_sharing_enabled":true,"_links":{"self":[{"href":"https:\/\/efagundes.com\/artigos\/wp-json\/wp\/v2\/posts\/565","targetHints":{"allow":["GET"]}}],"collection":[{"href":"https:\/\/efagundes.com\/artigos\/wp-json\/wp\/v2\/posts"}],"about":[{"href":"https:\/\/efagundes.com\/artigos\/wp-json\/wp\/v2\/types\/post"}],"author":[{"embeddable":true,"href":"https:\/\/efagundes.com\/artigos\/wp-json\/wp\/v2\/users\/1"}],"replies":[{"embeddable":true,"href":"https:\/\/efagundes.com\/artigos\/wp-json\/wp\/v2\/comments?post=565"}],"version-history":[{"count":0,"href":"https:\/\/efagundes.com\/artigos\/wp-json\/wp\/v2\/posts\/565\/revisions"}],"wp:attachment":[{"href":"https:\/\/efagundes.com\/artigos\/wp-json\/wp\/v2\/media?parent=565"}],"wp:term":[{"taxonomy":"category","embeddable":true,"href":"https:\/\/efagundes.com\/artigos\/wp-json\/wp\/v2\/categories?post=565"},{"taxonomy":"post_tag","embeddable":true,"href":"https:\/\/efagundes.com\/artigos\/wp-json\/wp\/v2\/tags?post=565"}],"curies":[{"name":"wp","href":"https:\/\/api.w.org\/{rel}","templated":true}]}}