{"id":598,"date":"2014-12-03T08:40:15","date_gmt":"2014-12-03T10:40:15","guid":{"rendered":"http:\/\/efagundes.com\/itgov\/?p=598"},"modified":"2016-09-03T07:37:40","modified_gmt":"2016-09-03T10:37:40","slug":"indicadores-de-sustentabilidade-e-eficiencia-energetica-para-data-centers","status":"publish","type":"post","link":"https:\/\/efagundes.com\/artigos\/indicadores-de-sustentabilidade-e-eficiencia-energetica-para-data-centers\/","title":{"rendered":"Indicadores de sustentabilidade e efici\u00eancia energ\u00e9tica para data centers"},"content":{"rendered":"<p>Cada vez mais as empresas l\u00edderes est\u00e3o aderindo, voluntariamente, a compromissos de responsabilidade social e preserva\u00e7\u00e3o do meio ambiente. Essa iniciativa, obrigatoriamente, deve envolver suas cadeias de fornecedores, pois s\u00e3o respons\u00e1veis pelas mat\u00e9rias primas e componentes que integram de seus produtos e servi\u00e7os. A demanda por energia e \u00e1gua para os data centers \u00e9 significativa e deve ser tratada com aten\u00e7\u00e3o, tanto para a infraestrutura interna como nas contrata\u00e7\u00f5es de servi\u00e7os externos.<\/p>\n<p>Segundo estudos do Greenpeace, os data centers e os equipamentos de computa\u00e7\u00e3o em geral consumem 1,5% da energia global e emitem cerca de 2% dos gases do efeito estufa (CO2 e outros gases). Portanto, geram um significativo impacto nas mudan\u00e7as clim\u00e1ticas. Em muitos pa\u00edses ainda se utiliza o carv\u00e3o como principal combust\u00edvel para gera\u00e7\u00e3o de energia, gerando toneladas de gases e res\u00edduos poluentes.<\/p>\n<p>No Brasil, a matriz energ\u00e9tica \u00e9 baseada em gera\u00e7\u00e3o h\u00eddrica (63,09%), t\u00e9rmica (28,35%), e\u00f3lica (3,29%%) e outras fontes renov\u00e1veis. Em decorr\u00eancia da grande estiagem de 2014 que reduziu o volume de \u00e1gua dos lagos de reserva das hidrel\u00e9tricas a gera\u00e7\u00e3o de energia das termel\u00e9tricas vem aumentando. Consequentemente, aumentando a emiss\u00e3o de gases de efeito estufa.<\/p>\n<p>Empresas que operam no Brasil e usam servi\u00e7os de processamento de dados no exterior devem computar a emiss\u00e3o de gases do efeito estufa em sua conta de polui\u00e7\u00e3o ambiental. No Brasil, as empresas que utilizam energia das concession\u00e1rias de distribui\u00e7\u00e3o, chamados consumidores cativos, devem considerar o aumento do uso das termel\u00e9tricas na sua conta de polui\u00e7\u00e3o. O impacto disso \u00e9 a necessidade de aumentar as iniciativas para neutraliza\u00e7\u00e3o do carbono, resultando em mais investimentos e despesas.<\/p>\n<p>Nesse contexto, \u00e9 fundamental uso de indicadores para medir e avaliar o desempenho e impactos ambientais dos data centers. Segue uma recomenda\u00e7\u00e3o de indicadores para os data centers internos e para serem inclu\u00eddos nas RFPs (<em>Request for Proposal<\/em>) para a contrata\u00e7\u00e3o de servi\u00e7os de data centers:<\/p>\n<ul>\n<li><strong>PUE<\/strong> &#8211; <em>Power Usage Effectiveness<\/em> (efici\u00eancia energ\u00e9tica). O indicador PUE \u00e9 uma medida da energia total do data center dividido pelo consumo de energia dos equipamentos de TI. A recomenda\u00e7\u00e3o \u00e9 medir a energia consumida pelos equipamentos de TI na sa\u00edda da unidade de distribui\u00e7\u00e3o de energia (PDU) ou na sa\u00edda da fonte de alimenta\u00e7\u00e3o ininterrupta (UPS). A medi\u00e7\u00e3o da energia total do data center deve ser no ponto de distribui\u00e7\u00e3o central para incluir refrigera\u00e7\u00e3o, ilumina\u00e7\u00e3o e infraestrutura de apoio, al\u00e9m das cargas dos equipamentos de TI;<\/li>\n<li><strong>GEC<\/strong> \u2013 <em>Green Energy Coefficient<\/em> (coeficiente de energia verde). O indicador GEC quantifica a parcela de energia de um data center que vem de fontes verdes. O GEC \u00e9 computado como a energia verde consumida (medido em quilowatt-hora ou kWh) dividida pelo total de energia consumida pelo data center (kWh). Para efeitos do GEC, &#8220;energia verde&#8221; \u00e9 definida como qualquer forma de energia renov\u00e1vel certificada por uma autoridade oficial;<\/li>\n<li><strong>ERF<\/strong> \u2013 <em>Energy Reuse Factor<\/em> (fator de reutiliza\u00e7\u00e3o de energia). O indicador ERF identifica a parcela de energia que \u00e9 exportada para a reutiliza\u00e7\u00e3o para fora do data center. O ERF \u00e9 calculado como a energia reutilizada dividido pela energia total consumida pelo data center;<\/li>\n<li><strong>CUE<\/strong> &#8211; <em>Carbon Usage Effectiveness<\/em> (Uso eficaz do Carbono). O indicador CUE permite a avalia\u00e7\u00e3o das emiss\u00f5es de gases do efeito estufa totais de um data center em rela\u00e7\u00e3o ao seu consumo de energia de TI. O CUE \u00e9 calculado como o total de emiss\u00f5es equivalentes de di\u00f3xido de carbono (CO2eq) do consumo de energia do data center dividido pelo total de consumo de energia dos equipamentos de TI;<\/li>\n<\/ul>\n<p>O ideal \u00e9 que o monitoramento desses indicadores seja feito de forma autom\u00e1tica atrav\u00e9s de um software DCIM (<em>Data Center Infrastructure Management<\/em>), que possibilita a integra\u00e7\u00e3o dos dados da infraestrutura predial e computacional.<\/p>\n<p>As press\u00f5es dos clientes e a legisla\u00e7\u00e3o ambiental, mais cedo ou mais tarde, obrigar\u00e1 as empresas a adotarem mecanismos de medi\u00e7\u00e3o e a\u00e7\u00f5es para a redu\u00e7\u00e3o do consumo de energia e redu\u00e7\u00e3o dos gases de efeito estufa. Melhor come\u00e7ar de forma voluntaria para obter uma curva de aprendizado e de investimentos sem press\u00e3o de tempo.<\/p>\n","protected":false},"excerpt":{"rendered":"<p>Cada vez mais as empresas l\u00edderes est\u00e3o aderindo, voluntariamente, a compromissos de responsabilidade social e preserva\u00e7\u00e3o do meio ambiente. Essa iniciativa, obrigatoriamente, deve envolver suas cadeias de fornecedores, pois s\u00e3o respons\u00e1veis pelas mat\u00e9rias primas e componentes que integram de seus produtos e servi\u00e7os. A demanda por energia e \u00e1gua para os data centers \u00e9 significativa [&hellip;]<\/p>\n","protected":false},"author":1,"featured_media":0,"comment_status":"open","ping_status":"closed","sticky":false,"template":"","format":"standard","meta":{"jetpack_post_was_ever_published":false,"_jetpack_newsletter_access":"","_jetpack_dont_email_post_to_subs":false,"_jetpack_newsletter_tier_id":0,"_jetpack_memberships_contains_paywalled_content":false,"_jetpack_memberships_contains_paid_content":false,"footnotes":""},"categories":[352,3,5,7],"tags":[79,107,116,127,156,248],"class_list":["post-598","post","type-post","status-publish","format-standard","hentry","category-artigos","category-blog","category-data-center","category-eficiencia-energetica-2","tag-cue","tag-eficiencia-energetica","tag-erf","tag-gec","tag-indicadores-de-sustentabilidade","tag-pue"],"jetpack_featured_media_url":"","jetpack_shortlink":"https:\/\/wp.me\/p8yInB-9E","jetpack-related-posts":[{"id":361,"url":"https:\/\/efagundes.com\/artigos\/indicadores-de-eficiencia-energetica-e-sustentabilidade-de-data-centers\/","url_meta":{"origin":598,"position":0},"title":"Indicadores de efici\u00eancia energ\u00e9tica e sustentabilidade de data centers","author":"Eduardo Fagundes","date":"16 de abril de 2014","format":false,"excerpt":"Os data centers assumem uma import\u00e2ncia cada vez maior nas opera\u00e7\u00f5es de neg\u00f3cios. Com o crescimento cada vez maior da demanda por processamento para atender as aplica\u00e7\u00f5es pessoais (redes sociais, aplicativos m\u00f3veis, jogo online, etc.) e de neg\u00f3cios (transa\u00e7\u00f5es comerciais entre empresas, B2B, log\u00edstica, ERP, etc.) os custos com energia\u2026","rel":"","context":"Em &quot;Artigos&quot;","block_context":{"text":"Artigos","link":"https:\/\/efagundes.com\/artigos\/category\/artigos\/"},"img":{"alt_text":"","src":"","width":0,"height":0},"classes":[]},{"id":221,"url":"https:\/\/efagundes.com\/artigos\/a-dura-tarefa-para-definir-a-estrategia-para-data-centers\/","url_meta":{"origin":598,"position":1},"title":"A dura tarefa de definir a estrat\u00e9gia para data centers","author":"Eduardo Fagundes","date":"13 de outubro de 2013","format":false,"excerpt":"A defini\u00e7\u00e3o estrat\u00e9gica para data centers \u00e9 um grande desafio para as organiza\u00e7\u00f5es. O crescimento da demanda de aplica\u00e7\u00f5es para apoiar as unidades de neg\u00f3cios exige o aumento da infraestrutura dos data centers. Esse desafio gera fortes press\u00f5es internas por redu\u00e7\u00e3o de custos. \u00c9 fundamental alinhar os requerimentos dos data\u2026","rel":"","context":"Em &quot;Artigos&quot;","block_context":{"text":"Artigos","link":"https:\/\/efagundes.com\/artigos\/category\/artigos\/"},"img":{"alt_text":"","src":"","width":0,"height":0},"classes":[]},{"id":492,"url":"https:\/\/efagundes.com\/artigos\/cloud-computing-e-a-eficiencia-energetica-das-empresas\/","url_meta":{"origin":598,"position":2},"title":"Cloud Computing e a Efici\u00eancia Energ\u00e9tica das empresas","author":"Eduardo Fagundes","date":"23 de outubro de 2014","format":false,"excerpt":"Os data centers s\u00e3o um dos maiores ofensores no consumo de energia das empresas, chegando a representar 40% das despesas da infraestrutura. Tamb\u00e9m, s\u00e3o respons\u00e1veis por uma grande quantidade de emiss\u00e3o de gases do efeito estufa, direta e indiretamente. Uma solu\u00e7\u00e3o para reduzir os custos de energia e mitigar as\u2026","rel":"","context":"Em &quot;Artigos&quot;","block_context":{"text":"Artigos","link":"https:\/\/efagundes.com\/artigos\/category\/artigos\/"},"img":{"alt_text":"","src":"","width":0,"height":0},"classes":[]},{"id":1240,"url":"https:\/\/efagundes.com\/artigos\/adote-uma-usina-de-energia-renovavel\/","url_meta":{"origin":598,"position":3},"title":"Adote uma usina de energia renov\u00e1vel","author":"Eduardo Fagundes","date":"20 de janeiro de 2015","format":false,"excerpt":"O apag\u00e3o for\u00e7ado coordenado pelo Operador Nacional do Sistema (ONS) em 19 de janeiro de 2015, provou que o sistema el\u00e9trico brasileiro opera no limite e qualquer eleva\u00e7\u00e3o de demanda se torna inst\u00e1vel. A restri\u00e7\u00e3o de oferta atingiu as regi\u00f5es Sudeste, Centro-Oeste e Sul, ou seja, as regi\u00f5es de maior\u2026","rel":"","context":"Em &quot;Artigos&quot;","block_context":{"text":"Artigos","link":"https:\/\/efagundes.com\/artigos\/category\/artigos\/"},"img":{"alt_text":"","src":"","width":0,"height":0},"classes":[]},{"id":550,"url":"https:\/\/efagundes.com\/artigos\/negocios-lucrativos-de-ti-para-reduzir-as-emissoes-de-co2\/","url_meta":{"origin":598,"position":4},"title":"Neg\u00f3cios lucrativos de TI para reduzir as emiss\u00f5es de CO2","author":"Eduardo Fagundes","date":"13 de novembro de 2014","format":false,"excerpt":"A expectativa \u00e9 de redu\u00e7\u00e3o das emiss\u00f5es de TI (dispositivos de usu\u00e1rios, telecomunica\u00e7\u00f5es e data centers) entre 2011 e 2020 em 2,3%, comparado com o aumento de 6,1% entre 2002 e 2011. Os principais motivos s\u00e3o a maior efici\u00eancia energ\u00e9tica dos equipamentos e a substitui\u00e7\u00e3o dos PCs por tablets. Em\u2026","rel":"","context":"Em &quot;Artigos&quot;","block_context":{"text":"Artigos","link":"https:\/\/efagundes.com\/artigos\/category\/artigos\/"},"img":{"alt_text":"","src":"","width":0,"height":0},"classes":[]},{"id":997,"url":"https:\/\/efagundes.com\/artigos\/quem-quer-vender-precisa-ter-produtos-sustentaveis\/","url_meta":{"origin":598,"position":5},"title":"Quem quer vender precisa ter produtos sustent\u00e1veis","author":"Eduardo Fagundes","date":"22 de mar\u00e7o de 2014","format":false,"excerpt":"Agora n\u00e3o tem mais jeito. Se sua empresa pretende continuar no mercado o caminho \u00e9 ter produtos sustent\u00e1veis. O governo segue firme na implementa\u00e7\u00e3o de seus acordo internacionais sobre mudan\u00e7as clim\u00e1ticas. Um dos crit\u00e9rios para a aquisi\u00e7\u00e3o de novos produtos pelo governo ser\u00e1 o Programa Brasileiro de Etiquetagem do Inmetro\u2026","rel":"","context":"Em &quot;Artigos&quot;","block_context":{"text":"Artigos","link":"https:\/\/efagundes.com\/artigos\/category\/artigos\/"},"img":{"alt_text":"","src":"","width":0,"height":0},"classes":[]}],"jetpack_sharing_enabled":true,"_links":{"self":[{"href":"https:\/\/efagundes.com\/artigos\/wp-json\/wp\/v2\/posts\/598","targetHints":{"allow":["GET"]}}],"collection":[{"href":"https:\/\/efagundes.com\/artigos\/wp-json\/wp\/v2\/posts"}],"about":[{"href":"https:\/\/efagundes.com\/artigos\/wp-json\/wp\/v2\/types\/post"}],"author":[{"embeddable":true,"href":"https:\/\/efagundes.com\/artigos\/wp-json\/wp\/v2\/users\/1"}],"replies":[{"embeddable":true,"href":"https:\/\/efagundes.com\/artigos\/wp-json\/wp\/v2\/comments?post=598"}],"version-history":[{"count":0,"href":"https:\/\/efagundes.com\/artigos\/wp-json\/wp\/v2\/posts\/598\/revisions"}],"wp:attachment":[{"href":"https:\/\/efagundes.com\/artigos\/wp-json\/wp\/v2\/media?parent=598"}],"wp:term":[{"taxonomy":"category","embeddable":true,"href":"https:\/\/efagundes.com\/artigos\/wp-json\/wp\/v2\/categories?post=598"},{"taxonomy":"post_tag","embeddable":true,"href":"https:\/\/efagundes.com\/artigos\/wp-json\/wp\/v2\/tags?post=598"}],"curies":[{"name":"wp","href":"https:\/\/api.w.org\/{rel}","templated":true}]}}